{"id":48903,"date":"2025-08-15T09:54:41","date_gmt":"2025-08-15T06:54:41","guid":{"rendered":"https:\/\/www.egemtv.com\/?p=48903"},"modified":"2025-08-15T09:54:42","modified_gmt":"2025-08-15T06:54:42","slug":"kutahyali-guresciler-manisadan-derecelerle-dondu","status":"publish","type":"post","link":"https:\/\/www.egemtv.com\/?p=48903","title":{"rendered":"K\u00fctahyal\u0131 g\u00fcre\u015f\u00e7iler Manisa\u2019dan derecelerle d\u00f6nd\u00fc"},"content":{"rendered":"<p>Manisa\u2019da d\u00fczenlenen Anadolu Y\u0131ld\u0131zlar Ligi Grekoromen G\u00fcre\u015f T\u00fcrkiye Finalleri\u2019ne K\u00fctahya\u2019dan kat\u0131l\u0131m sa\u011flayan sporcular \u00f6nemli dereceler elde etti.<br \/>\n<br \/>Anadolu Y\u0131ld\u0131zlar Ligi Grekoromen G\u00fcre\u015f T\u00fcrkiye Finalleri, Manisa\u2019n\u0131n Kula il\u00e7esinde d\u00fczenlendi. Finallere kat\u0131l\u0131m sa\u011flayan K\u00fctahyal\u0131 sporculardan \u00d6mer G\u00f6r, 52 kilogram kategorisinde T\u00fcrkiye 3\u2019\u00fcnc\u00fcs\u00fc oldu. \u0130brahim S\u00f6nmez ise, 57 kilogram kategorisinde T\u00fcrkiye 5\u2019incili\u011fi elde etti. K\u00fctahya Gen\u00e7lik ve Spor \u0130l M\u00fcd\u00fcrl\u00fc\u011f\u00fc, sporcular\u0131 ve antren\u00f6rlerini tebrik ederek ba\u015far\u0131lar\u0131n\u0131n devam\u0131n\u0131 diledi.<br \/><\/p>\n","protected":false},"excerpt":{"rendered":"<p>Manisa\u2019da d\u00fczenlenen Anadolu Y\u0131ld\u0131zlar Ligi Grekoromen G\u00fcre\u015f T\u00fcrkiye Finalleri\u2019ne K\u00fctahya\u2019dan kat\u0131l\u0131m sa\u011flayan sporcular \u00f6nemli dereceler elde etti. Anadolu Y\u0131ld\u0131zlar Ligi Grekoromen G\u00fcre\u015f T\u00fcrkiye Finalleri, Manisa\u2019n\u0131n Kula il\u00e7esinde d\u00fczenlendi. Finallere kat\u0131l\u0131m sa\u011flayan K\u00fctahyal\u0131 sporculardan \u00d6mer G\u00f6r, 52 kilogram kategorisinde T\u00fcrkiye 3\u2019\u00fcnc\u00fcs\u00fc oldu. \u0130brahim S\u00f6nmez ise, 57 kilogram kategorisinde T\u00fcrkiye 5\u2019incili\u011fi elde etti. K\u00fctahya Gen\u00e7lik ve Spor&#8230;<\/p>\n","protected":false},"author":1,"featured_media":48904,"comment_status":"open","ping_status":"open","sticky":false,"template":"","format":"standard","meta":{"_crdt_document":"","footnotes":""},"categories":[4],"tags":[],"class_list":["post-48903","post","type-post","status-publish","format-standard","has-post-thumbnail","hentry","category-spor"],"_links":{"self":[{"href":"https:\/\/www.egemtv.com\/index.php?rest_route=\/wp\/v2\/posts\/48903","targetHints":{"allow":["GET"]}}],"collection":[{"href":"https:\/\/www.egemtv.com\/index.php?rest_route=\/wp\/v2\/posts"}],"about":[{"href":"https:\/\/www.egemtv.com\/index.php?rest_route=\/wp\/v2\/types\/post"}],"author":[{"embeddable":true,"href":"https:\/\/www.egemtv.com\/index.php?rest_route=\/wp\/v2\/users\/1"}],"replies":[{"embeddable":true,"href":"https:\/\/www.egemtv.com\/index.php?rest_route=%2Fwp%2Fv2%2Fcomments&post=48903"}],"version-history":[{"count":1,"href":"https:\/\/www.egemtv.com\/index.php?rest_route=\/wp\/v2\/posts\/48903\/revisions"}],"predecessor-version":[{"id":48905,"href":"https:\/\/www.egemtv.com\/index.php?rest_route=\/wp\/v2\/posts\/48903\/revisions\/48905"}],"wp:featuredmedia":[{"embeddable":true,"href":"https:\/\/www.egemtv.com\/index.php?rest_route=\/wp\/v2\/media\/48904"}],"wp:attachment":[{"href":"https:\/\/www.egemtv.com\/index.php?rest_route=%2Fwp%2Fv2%2Fmedia&parent=48903"}],"wp:term":[{"taxonomy":"category","embeddable":true,"href":"https:\/\/www.egemtv.com\/index.php?rest_route=%2Fwp%2Fv2%2Fcategories&post=48903"},{"taxonomy":"post_tag","embeddable":true,"href":"https:\/\/www.egemtv.com\/index.php?rest_route=%2Fwp%2Fv2%2Ftags&post=48903"}],"curies":[{"name":"wp","href":"https:\/\/api.w.org\/{rel}","templated":true}]}}