{"id":48900,"date":"2025-08-15T09:36:19","date_gmt":"2025-08-15T06:36:19","guid":{"rendered":"https:\/\/www.egemtv.com\/?p=48900"},"modified":"2025-08-15T09:36:20","modified_gmt":"2025-08-15T06:36:20","slug":"nazilli-belediyesinden-dallica-cayinda-kapsamli-calisma","status":"publish","type":"post","link":"https:\/\/www.egemtv.com\/?p=48900","title":{"rendered":"Nazilli Belediyesi\u2019nden Dall\u0131ca \u00c7ay\u0131\u2019nda kapsaml\u0131 \u00e7al\u0131\u015fma"},"content":{"rendered":"<p>Nazilli Belediyesi Park ve Bah\u00e7eler M\u00fcd\u00fcrl\u00fc\u011f\u00fc ekipleri; \u00f6zellikle yaz aylar\u0131nda halk\u0131n y\u00fcr\u00fcy\u00fc\u015f yapmak, bisiklet s\u00fcrmek, aileleriyle vakit ge\u00e7irmek ve sosyalle\u015fmek i\u00e7in yo\u011fun olarak kulland\u0131\u011f\u0131 Dall\u0131ca \u00c7ay\u0131 b\u00f6lgesinde kapsaml\u0131 \u00e7al\u0131\u015fma yapt\u0131.<\/p>\n<p>\u00c7al\u0131\u015fmalar kapsam\u0131nda b\u00f6lgedeki y\u00fcr\u00fcy\u00fc\u015f ve bisiklet yollar\u0131 temizlenip d\u00fczenlenirken, ye\u015fil alanlarda bak\u0131m, a\u011fa\u00e7 budama ve \u00e7im bi\u00e7me i\u015flemleri ger\u00e7ekle\u015ftirildi. Oturma alanlar\u0131n\u0131n bulundu\u011fu noktalar\u0131 tek tek temizleyen ekipler, vatanda\u015flar\u0131n daha konforlu vakit ge\u00e7irebilmesi i\u00e7in bu t\u00fcr \u00e7al\u0131\u015fmalar\u0131n rutin olarak s\u00fcrd\u00fcr\u00fclece\u011fini kaydetti.<\/p>\n<p>Dall\u0131ca \u00c7ay\u0131\u2019n\u0131n \u015fehrin \u00f6nemli sosyal ya\u015fam alanlar\u0131ndan biri oldu\u011funu vurgulayan Nazilli Belediye Ba\u015fkan\u0131 Dr. Ertu\u011frul Tetik, &#8220;Amac\u0131m\u0131z hem\u015fehrilerimizin temiz, g\u00fcvenli ve huzurlu bir ortamda vakit ge\u00e7irmesini sa\u011flamak. Bu b\u00f6lgede \u00f6zellikle ailelerin daha \u00e7ok vakit ge\u00e7irmesi i\u00e7in \u00e7al\u0131\u015fmalar yap\u0131yoruz. Ferah bir y\u00fcr\u00fcy\u00fc\u015f alan\u0131 bulunan ve hem sosyalle\u015fmek hem de y\u00fcr\u00fcy\u00fc\u015f sporlar\u0131 i\u00e7in tercih edilen bir lokasyon olmas\u0131 i\u00e7in ekiplerimiz detayl\u0131 faaliyetler y\u00fcr\u00fct\u00fcyor. Halk\u0131m\u0131zdan ortak kullan\u0131m alanlar\u0131n\u0131n korunmas\u0131 konusunda hassasiyet bekliyoruz&#8221; ifadelerini kulland\u0131.<br \/><\/p>\n","protected":false},"excerpt":{"rendered":"<p>Nazilli Belediyesi Park ve Bah\u00e7eler M\u00fcd\u00fcrl\u00fc\u011f\u00fc ekipleri; \u00f6zellikle yaz aylar\u0131nda halk\u0131n y\u00fcr\u00fcy\u00fc\u015f yapmak, bisiklet s\u00fcrmek, aileleriyle vakit ge\u00e7irmek ve sosyalle\u015fmek i\u00e7in yo\u011fun olarak kulland\u0131\u011f\u0131 Dall\u0131ca \u00c7ay\u0131 b\u00f6lgesinde kapsaml\u0131 \u00e7al\u0131\u015fma yapt\u0131. \u00c7al\u0131\u015fmalar kapsam\u0131nda b\u00f6lgedeki y\u00fcr\u00fcy\u00fc\u015f ve bisiklet yollar\u0131 temizlenip d\u00fczenlenirken, ye\u015fil alanlarda bak\u0131m, a\u011fa\u00e7 budama ve \u00e7im bi\u00e7me i\u015flemleri ger\u00e7ekle\u015ftirildi. Oturma alanlar\u0131n\u0131n bulundu\u011fu noktalar\u0131 tek tek&#8230;<\/p>\n","protected":false},"author":1,"featured_media":48901,"comment_status":"open","ping_status":"open","sticky":false,"template":"","format":"standard","meta":{"_crdt_document":"","footnotes":""},"categories":[1],"tags":[],"class_list":["post-48900","post","type-post","status-publish","format-standard","has-post-thumbnail","hentry","category-guncel"],"_links":{"self":[{"href":"https:\/\/www.egemtv.com\/index.php?rest_route=\/wp\/v2\/posts\/48900","targetHints":{"allow":["GET"]}}],"collection":[{"href":"https:\/\/www.egemtv.com\/index.php?rest_route=\/wp\/v2\/posts"}],"about":[{"href":"https:\/\/www.egemtv.com\/index.php?rest_route=\/wp\/v2\/types\/post"}],"author":[{"embeddable":true,"href":"https:\/\/www.egemtv.com\/index.php?rest_route=\/wp\/v2\/users\/1"}],"replies":[{"embeddable":true,"href":"https:\/\/www.egemtv.com\/index.php?rest_route=%2Fwp%2Fv2%2Fcomments&post=48900"}],"version-history":[{"count":1,"href":"https:\/\/www.egemtv.com\/index.php?rest_route=\/wp\/v2\/posts\/48900\/revisions"}],"predecessor-version":[{"id":48902,"href":"https:\/\/www.egemtv.com\/index.php?rest_route=\/wp\/v2\/posts\/48900\/revisions\/48902"}],"wp:featuredmedia":[{"embeddable":true,"href":"https:\/\/www.egemtv.com\/index.php?rest_route=\/wp\/v2\/media\/48901"}],"wp:attachment":[{"href":"https:\/\/www.egemtv.com\/index.php?rest_route=%2Fwp%2Fv2%2Fmedia&parent=48900"}],"wp:term":[{"taxonomy":"category","embeddable":true,"href":"https:\/\/www.egemtv.com\/index.php?rest_route=%2Fwp%2Fv2%2Fcategories&post=48900"},{"taxonomy":"post_tag","embeddable":true,"href":"https:\/\/www.egemtv.com\/index.php?rest_route=%2Fwp%2Fv2%2Ftags&post=48900"}],"curies":[{"name":"wp","href":"https:\/\/api.w.org\/{rel}","templated":true}]}}