{"id":48897,"date":"2025-08-15T00:54:49","date_gmt":"2025-08-14T21:54:49","guid":{"rendered":"https:\/\/www.egemtv.com\/?p=48897"},"modified":"2025-08-15T00:54:50","modified_gmt":"2025-08-14T21:54:50","slug":"tali-yoldan-cikan-traktorle-carpisan-arac-hurdaya-dondu-6-yarali","status":"publish","type":"post","link":"https:\/\/www.egemtv.com\/?p=48897","title":{"rendered":"Tali yoldan \u00e7\u0131kan trakt\u00f6rle \u00e7arp\u0131\u015fan ara\u00e7 hurdaya d\u00f6nd\u00fc: 6 yaral\u0131"},"content":{"rendered":"<p>Burdur merkeze ba\u011fl\u0131 B\u00fc\u011fd\u00fcz k\u00f6y\u00fc yolunda tali yoldan \u00e7\u0131kan trakt\u00f6r ile yolda seyir halde olan TOGG marka otomobilin \u00e7arp\u0131\u015fmas\u0131 sonucu 3\u2019\u00fc \u00e7ocuk 6 ki\u015fi yaraland\u0131.<br \/>\n<br \/>Kaza saat 21.00 s\u0131ralar\u0131nda Burdur merkez B\u00fc\u011fd\u00fcz k\u00f6y grup yolunda meydana geldi. Edinilen bilgilere g\u00f6re k\u00f6y yak\u0131nlar\u0131nda tali yoldan ana yola \u00e7\u0131kan Mustafa A.(45) idaresindeki 42 AKP 842 plakal\u0131 r\u00f6mork tak\u0131l\u0131 trakt\u00f6r ile yoldan seyir halinde  olan Ahmet \u00c7.(30) idaresindeki 15 ADP 555 plakal\u0131 TOGG marka otomobil \u00e7arp\u0131\u015ft\u0131. Kazada trakt\u00f6r ve ba\u011fl\u0131 olan r\u00f6mork devrilip otomobil ise hurdaya d\u00f6nerken trakt\u00f6r s\u00fcr\u00fcc\u00fcs\u00fc Mustafa A., TOGG marka otomobilin s\u00fcr\u00fcc\u00fcs\u00fc Ahmet \u00c7. ile ara\u00e7ta yolcu olarak bulunan Meryem \u00c7.(32), Mira\u00e7 \u00c7.(5), Hiranur \u00c7.(1) ve Elif \u00c7.(5) yaraland\u0131. \u00c7evredekilerin  112 Acil \u00c7a\u011fr\u0131 Merkezi\u2019ne ihbar\u0131 \u00fczerine olay yerine \u00e7ok say\u0131da sa\u011fl\u0131k, itfaiye ve jandarma ekipleri sevk edildi. Olay yerine gelen itfaiye ekiplerinin \u00e7al\u0131\u015fmalar\u0131 sonucu ara\u00e7tan \u00e7\u0131kar\u0131lan yaral\u0131lar sa\u011fl\u0131k ekiplerinin ilk m\u00fcdahalesinin ard\u0131ndan ambulanslar ile Burdur Devlet Hastanesi\u2019ne kald\u0131r\u0131ld\u0131. Kaza ile ilgili inceleme ba\u015flat\u0131l\u0131rken yaral\u0131lar\u0131n hayati tehlikelerinin bulunmad\u0131\u011f\u0131 \u00f6\u011frenildi.<br \/><\/p>\n","protected":false},"excerpt":{"rendered":"<p>Burdur merkeze ba\u011fl\u0131 B\u00fc\u011fd\u00fcz k\u00f6y\u00fc yolunda tali yoldan \u00e7\u0131kan trakt\u00f6r ile yolda seyir halde olan TOGG marka otomobilin \u00e7arp\u0131\u015fmas\u0131 sonucu 3\u2019\u00fc \u00e7ocuk 6 ki\u015fi yaraland\u0131. Kaza saat 21.00 s\u0131ralar\u0131nda Burdur merkez B\u00fc\u011fd\u00fcz k\u00f6y grup yolunda meydana geldi. Edinilen bilgilere g\u00f6re k\u00f6y yak\u0131nlar\u0131nda tali yoldan ana yola \u00e7\u0131kan Mustafa A.(45) idaresindeki 42 AKP 842 plakal\u0131 r\u00f6mork&#8230;<\/p>\n","protected":false},"author":1,"featured_media":48898,"comment_status":"open","ping_status":"open","sticky":false,"template":"","format":"standard","meta":{"_crdt_document":"","footnotes":""},"categories":[5],"tags":[],"class_list":["post-48897","post","type-post","status-publish","format-standard","has-post-thumbnail","hentry","category-asayis"],"_links":{"self":[{"href":"https:\/\/www.egemtv.com\/index.php?rest_route=\/wp\/v2\/posts\/48897","targetHints":{"allow":["GET"]}}],"collection":[{"href":"https:\/\/www.egemtv.com\/index.php?rest_route=\/wp\/v2\/posts"}],"about":[{"href":"https:\/\/www.egemtv.com\/index.php?rest_route=\/wp\/v2\/types\/post"}],"author":[{"embeddable":true,"href":"https:\/\/www.egemtv.com\/index.php?rest_route=\/wp\/v2\/users\/1"}],"replies":[{"embeddable":true,"href":"https:\/\/www.egemtv.com\/index.php?rest_route=%2Fwp%2Fv2%2Fcomments&post=48897"}],"version-history":[{"count":1,"href":"https:\/\/www.egemtv.com\/index.php?rest_route=\/wp\/v2\/posts\/48897\/revisions"}],"predecessor-version":[{"id":48899,"href":"https:\/\/www.egemtv.com\/index.php?rest_route=\/wp\/v2\/posts\/48897\/revisions\/48899"}],"wp:featuredmedia":[{"embeddable":true,"href":"https:\/\/www.egemtv.com\/index.php?rest_route=\/wp\/v2\/media\/48898"}],"wp:attachment":[{"href":"https:\/\/www.egemtv.com\/index.php?rest_route=%2Fwp%2Fv2%2Fmedia&parent=48897"}],"wp:term":[{"taxonomy":"category","embeddable":true,"href":"https:\/\/www.egemtv.com\/index.php?rest_route=%2Fwp%2Fv2%2Fcategories&post=48897"},{"taxonomy":"post_tag","embeddable":true,"href":"https:\/\/www.egemtv.com\/index.php?rest_route=%2Fwp%2Fv2%2Ftags&post=48897"}],"curies":[{"name":"wp","href":"https:\/\/api.w.org\/{rel}","templated":true}]}}