{"id":48894,"date":"2025-08-14T22:54:40","date_gmt":"2025-08-14T19:54:40","guid":{"rendered":"https:\/\/www.egemtv.com\/?p=48894"},"modified":"2025-08-14T22:54:41","modified_gmt":"2025-08-14T19:54:41","slug":"manisadaki-yanginda-5-hektarlik-kizilcam-ormani-zarar-gordu","status":"publish","type":"post","link":"https:\/\/www.egemtv.com\/?p=48894","title":{"rendered":"Manisa\u2019daki yang\u0131nda 5 hektarl\u0131k k\u0131z\u0131l\u00e7am orman\u0131 zarar g\u00f6rd\u00fc"},"content":{"rendered":"<p>Manisa\u2019n\u0131n Demirci il\u00e7esinde \u00e7\u0131kan yang\u0131nda 5 hektarl\u0131k k\u0131z\u0131l\u00e7am orman\u0131 zarar g\u00f6rd\u00fc.<br \/>\n<br \/>Edinilen bilgiye g\u00f6re, Demirci il\u00e7esine ba\u011fl\u0131 \u00c7ataloluk Mahallesi Seyit Ahmet mevkiinde hen\u00fcz belirlenemeyen bir nedenle yang\u0131n \u00e7\u0131kt\u0131. Yang\u0131na 4 helikopter, 2 amfibiyen u\u00e7ak, 15 araz\u00f6z, 4 itfaiye ve 5 su tankeri ile m\u00fcdahale edildi. Yang\u0131n s\u00f6nd\u00fcrme \u00e7al\u0131\u015fmalar\u0131na Manisa B\u00fcy\u00fck\u015fehir Belediyesi itfaiye ekipleri 4 araz\u00f6zle kat\u0131l\u0131rken, Demirci Belediyesi su tankerleri de s\u00f6nd\u00fcrme \u00e7al\u0131\u015fmalar\u0131nda araz\u00f6zlere su takviyesinde bulundu. Mahalle sakinleri de su tankerleri ile ekiplere destek verirken, \u00e7al\u0131\u015fmalar\u0131n g\u00fcvenli bir \u015fekilde s\u00fcrd\u00fcr\u00fclmesi i\u00e7in b\u00f6lgedeki enerji kesildi. Demirci Kaymakam\u0131 Fatih Bayram ve Belediye Ba\u015fkan\u0131 Erkan Kara da yang\u0131n b\u00f6lgesine gelerek, s\u00f6nd\u00fcrme \u00e7al\u0131\u015fmalar\u0131n\u0131 yerinde takip etti. Yakla\u015f\u0131k 4 saat s\u00fcren havadan ve karadan m\u00fcdahale ile yang\u0131n s\u00f6nd\u00fcr\u00fcld\u00fc. Yang\u0131nda 5 hektarl\u0131k k\u0131z\u0131l\u00e7am orman\u0131 zarar g\u00f6r\u00fcrken, yang\u0131n\u0131n \u00e7\u0131k\u0131\u015f sebebi ara\u015ft\u0131r\u0131l\u0131yor.<br \/><\/p>\n","protected":false},"excerpt":{"rendered":"<p>Manisa\u2019n\u0131n Demirci il\u00e7esinde \u00e7\u0131kan yang\u0131nda 5 hektarl\u0131k k\u0131z\u0131l\u00e7am orman\u0131 zarar g\u00f6rd\u00fc. Edinilen bilgiye g\u00f6re, Demirci il\u00e7esine ba\u011fl\u0131 \u00c7ataloluk Mahallesi Seyit Ahmet mevkiinde hen\u00fcz belirlenemeyen bir nedenle yang\u0131n \u00e7\u0131kt\u0131. Yang\u0131na 4 helikopter, 2 amfibiyen u\u00e7ak, 15 araz\u00f6z, 4 itfaiye ve 5 su tankeri ile m\u00fcdahale edildi. Yang\u0131n s\u00f6nd\u00fcrme \u00e7al\u0131\u015fmalar\u0131na Manisa B\u00fcy\u00fck\u015fehir Belediyesi itfaiye ekipleri 4 araz\u00f6zle&#8230;<\/p>\n","protected":false},"author":1,"featured_media":48895,"comment_status":"open","ping_status":"open","sticky":false,"template":"","format":"standard","meta":{"_crdt_document":"","footnotes":""},"categories":[5],"tags":[],"class_list":["post-48894","post","type-post","status-publish","format-standard","has-post-thumbnail","hentry","category-asayis"],"_links":{"self":[{"href":"https:\/\/www.egemtv.com\/index.php?rest_route=\/wp\/v2\/posts\/48894","targetHints":{"allow":["GET"]}}],"collection":[{"href":"https:\/\/www.egemtv.com\/index.php?rest_route=\/wp\/v2\/posts"}],"about":[{"href":"https:\/\/www.egemtv.com\/index.php?rest_route=\/wp\/v2\/types\/post"}],"author":[{"embeddable":true,"href":"https:\/\/www.egemtv.com\/index.php?rest_route=\/wp\/v2\/users\/1"}],"replies":[{"embeddable":true,"href":"https:\/\/www.egemtv.com\/index.php?rest_route=%2Fwp%2Fv2%2Fcomments&post=48894"}],"version-history":[{"count":1,"href":"https:\/\/www.egemtv.com\/index.php?rest_route=\/wp\/v2\/posts\/48894\/revisions"}],"predecessor-version":[{"id":48896,"href":"https:\/\/www.egemtv.com\/index.php?rest_route=\/wp\/v2\/posts\/48894\/revisions\/48896"}],"wp:featuredmedia":[{"embeddable":true,"href":"https:\/\/www.egemtv.com\/index.php?rest_route=\/wp\/v2\/media\/48895"}],"wp:attachment":[{"href":"https:\/\/www.egemtv.com\/index.php?rest_route=%2Fwp%2Fv2%2Fmedia&parent=48894"}],"wp:term":[{"taxonomy":"category","embeddable":true,"href":"https:\/\/www.egemtv.com\/index.php?rest_route=%2Fwp%2Fv2%2Fcategories&post=48894"},{"taxonomy":"post_tag","embeddable":true,"href":"https:\/\/www.egemtv.com\/index.php?rest_route=%2Fwp%2Fv2%2Ftags&post=48894"}],"curies":[{"name":"wp","href":"https:\/\/api.w.org\/{rel}","templated":true}]}}