{"id":48891,"date":"2025-08-14T22:38:35","date_gmt":"2025-08-14T19:38:35","guid":{"rendered":"https:\/\/www.egemtv.com\/?p=48891"},"modified":"2025-08-14T22:38:35","modified_gmt":"2025-08-14T19:38:35","slug":"aydinda-topuklu-eylem","status":"publish","type":"post","link":"https:\/\/www.egemtv.com\/?p=48891","title":{"rendered":"Ayd\u0131n\u2019da \u2019topuklu\u2019 eylem"},"content":{"rendered":"<p>Ayd\u0131n B\u00fcy\u00fck\u015fehir Belediye Ba\u015fkan\u0131 \u00d6zlem \u00c7er\u00e7io\u011flu\u2019nun CHP\u2019den istifa edip AK Parti\u2019ye ge\u00e7mesine tepki g\u00f6steren Cumhuriyet Halk Partisi (CHP) Ayd\u0131n \u0130l Te\u015fkilat\u0131 \u00fcyeleri, topuklu ayakkab\u0131larla protesto d\u00fczenledi.<br \/>\n<br \/>CHP Ayd\u0131n \u0130l Ba\u015fkanl\u0131\u011f\u0131, CHP\u2019den istifa ederek AK Parti\u2019ye ge\u00e7en Ayd\u0131n B\u00fcy\u00fck\u015fehir Belediye Ba\u015fkan\u0131 \u00d6zlem \u00c7er\u00e7io\u011flu\u2019na tepki i\u00e7in eylem d\u00fczenledi. CHP Efeler \u0130l\u00e7e Binas\u0131 ile Ayd\u0131n B\u00fcy\u00fck\u015fehir Belediyesi \u00f6n\u00fcnde ger\u00e7ekle\u015fen eylemde partililer, topuklu ayakkab\u0131larla \u2019Topuklu Efe\u2019 lakapl\u0131 \u00c7er\u00e7io\u011flu\u2019nu protesto etti.<br \/>\n<br \/>CHP Ayd\u0131n \u0130l Ba\u015fkan\u0131 Hikmet Saat\u00e7\u0131, 18 A\u011fustos Pazartesi g\u00fcn\u00fc CHP Genel Ba\u015fkan\u0131 \u00d6zg\u00fcr \u00d6zel\u2019in Ayd\u0131n\u2019a gelece\u011fini belirterek, &#8220;Alt\u0131 okun izinde onun duru\u015f ve hassasiyetinde bizler yolumuzda kararl\u0131l\u0131kla y\u00fcr\u00fcmeye devam edece\u011fiz&#8221; dedi.<\/p>\n<p>S\u0131cak havada bayg\u0131nl\u0131k ge\u00e7irdiler<br \/>\n<br \/>Eylem esnas\u0131nda bay\u0131lan bir partili kad\u0131na alanda g\u00f6revli doktorlar m\u00fcdahale ederken, s\u0131caktan fenala\u015fan Didim Belediye Ba\u015fkan\u0131 Hatice Gen\u00e7ay da makam arac\u0131na g\u00f6t\u00fcr\u00fcld\u00fc. Baz\u0131 CHP\u2019li gen\u00e7ler, yanlar\u0131ndaki topuklu ayakkab\u0131lar\u0131 Ayd\u0131n B\u00fcy\u00fck\u015fehir Belediyesi binas\u0131na f\u0131rlatt\u0131. Olay kolluk kuvvetlerinin m\u00fcdahalesi ile b\u00fcy\u00fcmeden sonlan\u0131rken, belediye g\u00fcvenlik g\u00f6revlileri at\u0131lan topuklu ayakkab\u0131lar\u0131 toplayarak \u00e7\u00f6pe att\u0131.<br \/><\/p>\n","protected":false},"excerpt":{"rendered":"<p>Ayd\u0131n B\u00fcy\u00fck\u015fehir Belediye Ba\u015fkan\u0131 \u00d6zlem \u00c7er\u00e7io\u011flu\u2019nun CHP\u2019den istifa edip AK Parti\u2019ye ge\u00e7mesine tepki g\u00f6steren Cumhuriyet Halk Partisi (CHP) Ayd\u0131n \u0130l Te\u015fkilat\u0131 \u00fcyeleri, topuklu ayakkab\u0131larla protesto d\u00fczenledi. CHP Ayd\u0131n \u0130l Ba\u015fkanl\u0131\u011f\u0131, CHP\u2019den istifa ederek AK Parti\u2019ye ge\u00e7en Ayd\u0131n B\u00fcy\u00fck\u015fehir Belediye Ba\u015fkan\u0131 \u00d6zlem \u00c7er\u00e7io\u011flu\u2019na tepki i\u00e7in eylem d\u00fczenledi. CHP Efeler \u0130l\u00e7e Binas\u0131 ile Ayd\u0131n B\u00fcy\u00fck\u015fehir Belediyesi \u00f6n\u00fcnde&#8230;<\/p>\n","protected":false},"author":1,"featured_media":48892,"comment_status":"open","ping_status":"open","sticky":false,"template":"","format":"standard","meta":{"_crdt_document":"","footnotes":""},"categories":[127],"tags":[],"class_list":["post-48891","post","type-post","status-publish","format-standard","has-post-thumbnail","hentry","category-siyaset"],"_links":{"self":[{"href":"https:\/\/www.egemtv.com\/index.php?rest_route=\/wp\/v2\/posts\/48891","targetHints":{"allow":["GET"]}}],"collection":[{"href":"https:\/\/www.egemtv.com\/index.php?rest_route=\/wp\/v2\/posts"}],"about":[{"href":"https:\/\/www.egemtv.com\/index.php?rest_route=\/wp\/v2\/types\/post"}],"author":[{"embeddable":true,"href":"https:\/\/www.egemtv.com\/index.php?rest_route=\/wp\/v2\/users\/1"}],"replies":[{"embeddable":true,"href":"https:\/\/www.egemtv.com\/index.php?rest_route=%2Fwp%2Fv2%2Fcomments&post=48891"}],"version-history":[{"count":1,"href":"https:\/\/www.egemtv.com\/index.php?rest_route=\/wp\/v2\/posts\/48891\/revisions"}],"predecessor-version":[{"id":48893,"href":"https:\/\/www.egemtv.com\/index.php?rest_route=\/wp\/v2\/posts\/48891\/revisions\/48893"}],"wp:featuredmedia":[{"embeddable":true,"href":"https:\/\/www.egemtv.com\/index.php?rest_route=\/wp\/v2\/media\/48892"}],"wp:attachment":[{"href":"https:\/\/www.egemtv.com\/index.php?rest_route=%2Fwp%2Fv2%2Fmedia&parent=48891"}],"wp:term":[{"taxonomy":"category","embeddable":true,"href":"https:\/\/www.egemtv.com\/index.php?rest_route=%2Fwp%2Fv2%2Fcategories&post=48891"},{"taxonomy":"post_tag","embeddable":true,"href":"https:\/\/www.egemtv.com\/index.php?rest_route=%2Fwp%2Fv2%2Ftags&post=48891"}],"curies":[{"name":"wp","href":"https:\/\/api.w.org\/{rel}","templated":true}]}}