{"id":48888,"date":"2025-08-14T22:38:34","date_gmt":"2025-08-14T19:38:34","guid":{"rendered":"https:\/\/www.egemtv.com\/?p=48888"},"modified":"2025-08-14T22:38:35","modified_gmt":"2025-08-14T19:38:35","slug":"ispartada-otomobil-kiraathaneye-daldi-1-olu-1-yarali","status":"publish","type":"post","link":"https:\/\/www.egemtv.com\/?p=48888","title":{"rendered":"Isparta\u2019da otomobil k\u0131raathaneye dald\u0131: 1 \u00f6l\u00fc, 1 yaral\u0131"},"content":{"rendered":"<p>Isparta\u2019n\u0131n Senirkent il\u00e7esinde s\u00fcr\u00fcc\u00fcs\u00fcn\u00fcn direksiyon hakimiyetini kaybetti\u011fi otomobil k\u00f6y k\u0131raathanesine dald\u0131. Kazada 75 ya\u015f\u0131ndaki adam hayat\u0131n\u0131 kaybederken, 1 ki\u015fi de yaraland\u0131.<br \/>\n<br \/>Kaza, saat 13.30 s\u0131ralar\u0131nda Senirkent il\u00e7esine ba\u011fl\u0131 Karip k\u00f6y\u00fcnde meydana geldi. Edinilen bilgiye g\u00f6re, Sebahattin \u00d6. (24) idaresindeki plakas\u0131 \u00f6\u011frenilemeyen otomobil, s\u00fcr\u00fcc\u00fcs\u00fcn\u00fcn direksiyon hakimiyetini kaybetmesi sonucu k\u00f6y k\u0131raathanesine dald\u0131. K\u0131raathanenin \u00f6n\u00fcnde oturan Mustafa T. (19) ile Hasan \u00dcnver (75) arac\u0131n \u00e7arpmas\u0131 sonucu yaraland\u0131. \u0130hbar \u00fczerine olay yerine jandarma ve sa\u011fl\u0131k ekipleri sevk edildi. Yaral\u0131lar, sa\u011fl\u0131k ekiplerinin ilk m\u00fcdahalesinin ard\u0131ndan hastaneye kald\u0131r\u0131ld\u0131. A\u011f\u0131r yaralanan \u00dcnver, doktorlar\u0131n t\u00fcm m\u00fcdahalelerine ra\u011fmen kurtar\u0131lamad\u0131.<br \/>\n<br \/>Kazayla ilgili soru\u015fturma ba\u015flat\u0131l\u0131rken, olay an\u0131 g\u00fcvenlik kameralar\u0131na yans\u0131d\u0131. G\u00f6r\u00fcnt\u00fclerde kontrolden \u00e7\u0131kan otomobilin k\u0131raathane \u00f6n\u00fcnde oturan vatanda\u015flara \u00e7arpt\u0131\u011f\u0131 ve baz\u0131 ki\u015filerin arac\u0131n alt\u0131nda kald\u0131\u011f\u0131 g\u00f6r\u00fcld\u00fc.<br \/><\/p>\n","protected":false},"excerpt":{"rendered":"<p>Isparta\u2019n\u0131n Senirkent il\u00e7esinde s\u00fcr\u00fcc\u00fcs\u00fcn\u00fcn direksiyon hakimiyetini kaybetti\u011fi otomobil k\u00f6y k\u0131raathanesine dald\u0131. Kazada 75 ya\u015f\u0131ndaki adam hayat\u0131n\u0131 kaybederken, 1 ki\u015fi de yaraland\u0131. Kaza, saat 13.30 s\u0131ralar\u0131nda Senirkent il\u00e7esine ba\u011fl\u0131 Karip k\u00f6y\u00fcnde meydana geldi. Edinilen bilgiye g\u00f6re, Sebahattin \u00d6. (24) idaresindeki plakas\u0131 \u00f6\u011frenilemeyen otomobil, s\u00fcr\u00fcc\u00fcs\u00fcn\u00fcn direksiyon hakimiyetini kaybetmesi sonucu k\u00f6y k\u0131raathanesine dald\u0131. K\u0131raathanenin \u00f6n\u00fcnde oturan Mustafa T&#8230;.<\/p>\n","protected":false},"author":1,"featured_media":48889,"comment_status":"open","ping_status":"open","sticky":false,"template":"","format":"standard","meta":{"_crdt_document":"","footnotes":""},"categories":[5],"tags":[],"class_list":["post-48888","post","type-post","status-publish","format-standard","has-post-thumbnail","hentry","category-asayis"],"_links":{"self":[{"href":"https:\/\/www.egemtv.com\/index.php?rest_route=\/wp\/v2\/posts\/48888","targetHints":{"allow":["GET"]}}],"collection":[{"href":"https:\/\/www.egemtv.com\/index.php?rest_route=\/wp\/v2\/posts"}],"about":[{"href":"https:\/\/www.egemtv.com\/index.php?rest_route=\/wp\/v2\/types\/post"}],"author":[{"embeddable":true,"href":"https:\/\/www.egemtv.com\/index.php?rest_route=\/wp\/v2\/users\/1"}],"replies":[{"embeddable":true,"href":"https:\/\/www.egemtv.com\/index.php?rest_route=%2Fwp%2Fv2%2Fcomments&post=48888"}],"version-history":[{"count":1,"href":"https:\/\/www.egemtv.com\/index.php?rest_route=\/wp\/v2\/posts\/48888\/revisions"}],"predecessor-version":[{"id":48890,"href":"https:\/\/www.egemtv.com\/index.php?rest_route=\/wp\/v2\/posts\/48888\/revisions\/48890"}],"wp:featuredmedia":[{"embeddable":true,"href":"https:\/\/www.egemtv.com\/index.php?rest_route=\/wp\/v2\/media\/48889"}],"wp:attachment":[{"href":"https:\/\/www.egemtv.com\/index.php?rest_route=%2Fwp%2Fv2%2Fmedia&parent=48888"}],"wp:term":[{"taxonomy":"category","embeddable":true,"href":"https:\/\/www.egemtv.com\/index.php?rest_route=%2Fwp%2Fv2%2Fcategories&post=48888"},{"taxonomy":"post_tag","embeddable":true,"href":"https:\/\/www.egemtv.com\/index.php?rest_route=%2Fwp%2Fv2%2Ftags&post=48888"}],"curies":[{"name":"wp","href":"https:\/\/api.w.org\/{rel}","templated":true}]}}