{"id":48885,"date":"2025-08-14T20:54:50","date_gmt":"2025-08-14T17:54:50","guid":{"rendered":"https:\/\/www.egemtv.com\/?p=48885"},"modified":"2025-08-14T20:54:51","modified_gmt":"2025-08-14T17:54:51","slug":"usakta-gida-isletmelerinde-karekod-uygulamasi-bilgilendirmeleri-suruyor","status":"publish","type":"post","link":"https:\/\/www.egemtv.com\/?p=48885","title":{"rendered":"U\u015fak\u2019ta g\u0131da i\u015fletmelerinde karekod uygulamas\u0131 bilgilendirmeleri s\u00fcr\u00fcyor"},"content":{"rendered":"<p>Tar\u0131m ve Orman Bakanl\u0131\u011f\u0131 taraf\u0131ndan g\u0131da i\u015fletmelerinde zorunlu hale getirilen karekod uygulamas\u0131 hakk\u0131nda bilgilendirme toplant\u0131lar\u0131 U\u015fak\u2019ta devam ediyor.<br \/>\n<br \/>U\u015fak \u0130l Tar\u0131m ve Orman M\u00fcd\u00fcrl\u00fc\u011f\u00fc taraf\u0131ndan d\u00fczenlenen toplant\u0131, Esnaf ve Sanatk\u00e2rlar Birli\u011fi toplant\u0131 salonunda ger\u00e7ekle\u015ftirildi. Toplant\u0131ya, U\u015fak \u0130l Tar\u0131m ve Orman M\u00fcd\u00fcr\u00fc Serkan Bilir, G\u0131da ve Yem \u015eube M\u00fcd\u00fcr\u00fc Sancar T\u00fcrkmen ve A\u015f\u00e7\u0131lar Odas\u0131 Ba\u015fkan\u0131 \u015eeref Parlas kat\u0131ld\u0131. Yetkililer, karekod sisteminin hem istihdam hem de esnaf a\u00e7\u0131s\u0131ndan \u00f6nemine de\u011finerek, uygulaman\u0131n g\u0131da g\u00fcvenli\u011fi ve \u015feffafl\u0131k a\u00e7\u0131s\u0131ndan \u00f6nemli bir ad\u0131m oldu\u011funu vurgulad\u0131.<br \/>\n<br \/>Toplant\u0131da ayr\u0131ca karekod sisteminin pratik kullan\u0131m\u0131, kay\u0131t s\u00fcreci ve teknik detaylar hakk\u0131nda bilgiler verildi.<br \/>\n<br \/>\u00d6te yandan, U\u015fak \u0130l Tar\u0131m ve Orman M\u00fcd\u00fcrl\u00fc\u011f\u00fc\u2019n\u00fcn bilgilendirme \u00e7al\u0131\u015fmalar\u0131 \u00f6n\u00fcm\u00fczdeki g\u00fcnlerde de s\u00fcrece\u011fi \u00f6\u011frenildi.<br \/><\/p>\n","protected":false},"excerpt":{"rendered":"<p>Tar\u0131m ve Orman Bakanl\u0131\u011f\u0131 taraf\u0131ndan g\u0131da i\u015fletmelerinde zorunlu hale getirilen karekod uygulamas\u0131 hakk\u0131nda bilgilendirme toplant\u0131lar\u0131 U\u015fak\u2019ta devam ediyor. U\u015fak \u0130l Tar\u0131m ve Orman M\u00fcd\u00fcrl\u00fc\u011f\u00fc taraf\u0131ndan d\u00fczenlenen toplant\u0131, Esnaf ve Sanatk\u00e2rlar Birli\u011fi toplant\u0131 salonunda ger\u00e7ekle\u015ftirildi. Toplant\u0131ya, U\u015fak \u0130l Tar\u0131m ve Orman M\u00fcd\u00fcr\u00fc Serkan Bilir, G\u0131da ve Yem \u015eube M\u00fcd\u00fcr\u00fc Sancar T\u00fcrkmen ve A\u015f\u00e7\u0131lar Odas\u0131 Ba\u015fkan\u0131 \u015eeref&#8230;<\/p>\n","protected":false},"author":1,"featured_media":48886,"comment_status":"open","ping_status":"open","sticky":false,"template":"","format":"standard","meta":{"_crdt_document":"","footnotes":""},"categories":[125],"tags":[],"class_list":["post-48885","post","type-post","status-publish","format-standard","has-post-thumbnail","hentry","category-ekonomi"],"_links":{"self":[{"href":"https:\/\/www.egemtv.com\/index.php?rest_route=\/wp\/v2\/posts\/48885","targetHints":{"allow":["GET"]}}],"collection":[{"href":"https:\/\/www.egemtv.com\/index.php?rest_route=\/wp\/v2\/posts"}],"about":[{"href":"https:\/\/www.egemtv.com\/index.php?rest_route=\/wp\/v2\/types\/post"}],"author":[{"embeddable":true,"href":"https:\/\/www.egemtv.com\/index.php?rest_route=\/wp\/v2\/users\/1"}],"replies":[{"embeddable":true,"href":"https:\/\/www.egemtv.com\/index.php?rest_route=%2Fwp%2Fv2%2Fcomments&post=48885"}],"version-history":[{"count":1,"href":"https:\/\/www.egemtv.com\/index.php?rest_route=\/wp\/v2\/posts\/48885\/revisions"}],"predecessor-version":[{"id":48887,"href":"https:\/\/www.egemtv.com\/index.php?rest_route=\/wp\/v2\/posts\/48885\/revisions\/48887"}],"wp:featuredmedia":[{"embeddable":true,"href":"https:\/\/www.egemtv.com\/index.php?rest_route=\/wp\/v2\/media\/48886"}],"wp:attachment":[{"href":"https:\/\/www.egemtv.com\/index.php?rest_route=%2Fwp%2Fv2%2Fmedia&parent=48885"}],"wp:term":[{"taxonomy":"category","embeddable":true,"href":"https:\/\/www.egemtv.com\/index.php?rest_route=%2Fwp%2Fv2%2Fcategories&post=48885"},{"taxonomy":"post_tag","embeddable":true,"href":"https:\/\/www.egemtv.com\/index.php?rest_route=%2Fwp%2Fv2%2Ftags&post=48885"}],"curies":[{"name":"wp","href":"https:\/\/api.w.org\/{rel}","templated":true}]}}