{"id":48882,"date":"2025-08-14T20:54:49","date_gmt":"2025-08-14T17:54:49","guid":{"rendered":"https:\/\/www.egemtv.com\/?p=48882"},"modified":"2025-08-14T20:54:50","modified_gmt":"2025-08-14T17:54:50","slug":"viraji-alamayan-motosiklet-surucusu-hayatini-kaybetti","status":"publish","type":"post","link":"https:\/\/www.egemtv.com\/?p=48882","title":{"rendered":"Viraj\u0131 alamayan motosiklet s\u00fcr\u00fcc\u00fcs\u00fc hayat\u0131n\u0131 kaybetti"},"content":{"rendered":"<p>Denizli (\u0130HA) \u2013 Denizli\u2019nin Tavas il\u00e7esinde, viraj\u0131 alamayan motosiklet s\u00fcr\u00fcc\u00fcs\u00fc direksiyon h\u00e2kimiyetini kaybederek savrulmas\u0131 sonucu hayat\u0131n\u0131 kaybetti. Bug\u00fcn gen\u00e7 motosiklet s\u00fcr\u00fcc\u00fcs\u00fc memleketinde d\u00fczenlenen cenaze t\u00f6renin ard\u0131ndan son yolcu\u011funa u\u011furland\u0131.<\/p>\n<p>Kaza, Tavas il\u00e7esi G\u00fcm\u00fc\u015fdere-Ulukent Mahallesi aras\u0131nda meydana geldi. Edinilen bilgilere g\u00f6re, Mehmet Akif D\u00fcd\u00fck\u00e7\u00fc (31) hen\u00fcz plakas\u0131 belirlenemeyen motosiklet ile seyir halindeyken hen\u00fcz belirlenemeyen bir nedenle kontrolden \u00e7\u0131kt\u0131. Viraj\u0131 alamayan Mehmet Akif D\u00fcd\u00fck\u00e7\u00fc metrelerce savruldu. Olay\u0131 g\u00f6ren \u00e7evredeki vatanda\u015flar durumu 112 Acil \u00c7a\u011fr\u0131 Merkezine bildirdi. \u0130hbar \u00fczerine b\u00f6lgeye jandarma ve sa\u011fl\u0131k ekipleri sevk edildi.  B\u00f6lgeye gelen sa\u011fl\u0131k ekiplerinin kontrolleri sonras\u0131 Mehmet Akif D\u00fcd\u00fck\u00e7\u00fc\u2019n\u00fcn olay yerinde hayat\u0131n\u0131 kaybetti\u011fi belirlendi. Cenazesi otopsi yap\u0131lmak \u00fczere adli t\u0131p morguna kald\u0131r\u0131ld\u0131.<\/p>\n<p>Otopsinin ard\u0131ndan cenazesi ailesine teslim edilen motosiklet s\u00fcr\u00fcc\u00fcs\u00fc Mehmet Akif D\u00fcd\u00fck\u00e7\u00fc, ikindi namaz\u0131n\u0131 m\u00fcteakip k\u0131l\u0131nan cenaze namaz\u0131n\u0131n ard\u0131ndan memleketinde topra\u011fa verildi. Kaza ile ilgili soru\u015fturma ba\u015flat\u0131ld\u0131.<br \/><\/p>\n","protected":false},"excerpt":{"rendered":"<p>Denizli (\u0130HA) \u2013 Denizli\u2019nin Tavas il\u00e7esinde, viraj\u0131 alamayan motosiklet s\u00fcr\u00fcc\u00fcs\u00fc direksiyon h\u00e2kimiyetini kaybederek savrulmas\u0131 sonucu hayat\u0131n\u0131 kaybetti. Bug\u00fcn gen\u00e7 motosiklet s\u00fcr\u00fcc\u00fcs\u00fc memleketinde d\u00fczenlenen cenaze t\u00f6renin ard\u0131ndan son yolcu\u011funa u\u011furland\u0131. Kaza, Tavas il\u00e7esi G\u00fcm\u00fc\u015fdere-Ulukent Mahallesi aras\u0131nda meydana geldi. Edinilen bilgilere g\u00f6re, Mehmet Akif D\u00fcd\u00fck\u00e7\u00fc (31) hen\u00fcz plakas\u0131 belirlenemeyen motosiklet ile seyir halindeyken hen\u00fcz belirlenemeyen bir nedenle&#8230;<\/p>\n","protected":false},"author":1,"featured_media":48883,"comment_status":"open","ping_status":"open","sticky":false,"template":"","format":"standard","meta":{"_crdt_document":"","footnotes":""},"categories":[5],"tags":[],"class_list":["post-48882","post","type-post","status-publish","format-standard","has-post-thumbnail","hentry","category-asayis"],"_links":{"self":[{"href":"https:\/\/www.egemtv.com\/index.php?rest_route=\/wp\/v2\/posts\/48882","targetHints":{"allow":["GET"]}}],"collection":[{"href":"https:\/\/www.egemtv.com\/index.php?rest_route=\/wp\/v2\/posts"}],"about":[{"href":"https:\/\/www.egemtv.com\/index.php?rest_route=\/wp\/v2\/types\/post"}],"author":[{"embeddable":true,"href":"https:\/\/www.egemtv.com\/index.php?rest_route=\/wp\/v2\/users\/1"}],"replies":[{"embeddable":true,"href":"https:\/\/www.egemtv.com\/index.php?rest_route=%2Fwp%2Fv2%2Fcomments&post=48882"}],"version-history":[{"count":1,"href":"https:\/\/www.egemtv.com\/index.php?rest_route=\/wp\/v2\/posts\/48882\/revisions"}],"predecessor-version":[{"id":48884,"href":"https:\/\/www.egemtv.com\/index.php?rest_route=\/wp\/v2\/posts\/48882\/revisions\/48884"}],"wp:featuredmedia":[{"embeddable":true,"href":"https:\/\/www.egemtv.com\/index.php?rest_route=\/wp\/v2\/media\/48883"}],"wp:attachment":[{"href":"https:\/\/www.egemtv.com\/index.php?rest_route=%2Fwp%2Fv2%2Fmedia&parent=48882"}],"wp:term":[{"taxonomy":"category","embeddable":true,"href":"https:\/\/www.egemtv.com\/index.php?rest_route=%2Fwp%2Fv2%2Fcategories&post=48882"},{"taxonomy":"post_tag","embeddable":true,"href":"https:\/\/www.egemtv.com\/index.php?rest_route=%2Fwp%2Fv2%2Ftags&post=48882"}],"curies":[{"name":"wp","href":"https:\/\/api.w.org\/{rel}","templated":true}]}}