{"id":48879,"date":"2025-08-14T20:34:47","date_gmt":"2025-08-14T17:34:47","guid":{"rendered":"https:\/\/www.egemtv.com\/?p=48879"},"modified":"2025-08-14T20:34:48","modified_gmt":"2025-08-14T17:34:48","slug":"bodrumda-nihan-akin-ruzgari-esti","status":"publish","type":"post","link":"https:\/\/www.egemtv.com\/?p=48879","title":{"rendered":"Bodrum\u2019da Nihan Ak\u0131n r\u00fczgar\u0131 esti"},"content":{"rendered":"<p>T\u00fcrk pop m\u00fczi\u011finin sevilen ismi Nihan Ak\u0131n, Bodrum Azka Otel Yaz Konserleri kapsam\u0131nda sahne alarak misafirlere unutulmaz bir gece ya\u015fatt\u0131.<br \/>\n<br \/>\u015e\u0131k ve zarif k\u0131yafetiyle sahneye \u00e7\u0131kan Ak\u0131n, enerjisi ve samimi tav\u0131rlar\u0131yla izleyicilerden b\u00fcy\u00fck alk\u0131\u015f toplad\u0131. Sanat\u00e7\u0131, repertuvar\u0131nda hem kendi sevilen \u015fark\u0131lar\u0131na hem de ge\u00e7mi\u015ften g\u00fcn\u00fcm\u00fcze uzanan hit par\u00e7alara yer verdi. Bodrum\u2019un s\u0131cak yaz ak\u015fam\u0131na m\u00fczik dolu bir atmosfer katan konser, izleyenlere keyifli anlar ya\u015fatt\u0131.<br \/>\n<br \/>Azka Otel\u2019in deniz manzaras\u0131 e\u015fli\u011finde ger\u00e7ekle\u015fen etkinlikte misafirler, romantik melodilerden hareketli ritimlere uzanan geni\u015f bir m\u00fczik yelpazesi ile bulu\u015ftu. Gecenin sonunda yo\u011fun alk\u0131\u015flar e\u015fli\u011finde sahneden ayr\u0131lan Nihan Ak\u0131n, izleyicilerin haf\u0131zas\u0131nda \u00f6zel bir yer edindi.<br \/>\n<br \/>Otel y\u00f6netimi, yaz boyunca \u00fcnl\u00fc sanat\u00e7\u0131lar\u0131n sahnede alaca\u011f\u0131n\u0131 belirtti.<br \/><\/p>\n","protected":false},"excerpt":{"rendered":"<p>T\u00fcrk pop m\u00fczi\u011finin sevilen ismi Nihan Ak\u0131n, Bodrum Azka Otel Yaz Konserleri kapsam\u0131nda sahne alarak misafirlere unutulmaz bir gece ya\u015fatt\u0131. \u015e\u0131k ve zarif k\u0131yafetiyle sahneye \u00e7\u0131kan Ak\u0131n, enerjisi ve samimi tav\u0131rlar\u0131yla izleyicilerden b\u00fcy\u00fck alk\u0131\u015f toplad\u0131. Sanat\u00e7\u0131, repertuvar\u0131nda hem kendi sevilen \u015fark\u0131lar\u0131na hem de ge\u00e7mi\u015ften g\u00fcn\u00fcm\u00fcze uzanan hit par\u00e7alara yer verdi. Bodrum\u2019un s\u0131cak yaz ak\u015fam\u0131na m\u00fczik&#8230;<\/p>\n","protected":false},"author":1,"featured_media":48880,"comment_status":"open","ping_status":"open","sticky":false,"template":"","format":"standard","meta":{"_crdt_document":"","footnotes":""},"categories":[1],"tags":[],"class_list":["post-48879","post","type-post","status-publish","format-standard","has-post-thumbnail","hentry","category-guncel"],"_links":{"self":[{"href":"https:\/\/www.egemtv.com\/index.php?rest_route=\/wp\/v2\/posts\/48879","targetHints":{"allow":["GET"]}}],"collection":[{"href":"https:\/\/www.egemtv.com\/index.php?rest_route=\/wp\/v2\/posts"}],"about":[{"href":"https:\/\/www.egemtv.com\/index.php?rest_route=\/wp\/v2\/types\/post"}],"author":[{"embeddable":true,"href":"https:\/\/www.egemtv.com\/index.php?rest_route=\/wp\/v2\/users\/1"}],"replies":[{"embeddable":true,"href":"https:\/\/www.egemtv.com\/index.php?rest_route=%2Fwp%2Fv2%2Fcomments&post=48879"}],"version-history":[{"count":1,"href":"https:\/\/www.egemtv.com\/index.php?rest_route=\/wp\/v2\/posts\/48879\/revisions"}],"predecessor-version":[{"id":48881,"href":"https:\/\/www.egemtv.com\/index.php?rest_route=\/wp\/v2\/posts\/48879\/revisions\/48881"}],"wp:featuredmedia":[{"embeddable":true,"href":"https:\/\/www.egemtv.com\/index.php?rest_route=\/wp\/v2\/media\/48880"}],"wp:attachment":[{"href":"https:\/\/www.egemtv.com\/index.php?rest_route=%2Fwp%2Fv2%2Fmedia&parent=48879"}],"wp:term":[{"taxonomy":"category","embeddable":true,"href":"https:\/\/www.egemtv.com\/index.php?rest_route=%2Fwp%2Fv2%2Fcategories&post=48879"},{"taxonomy":"post_tag","embeddable":true,"href":"https:\/\/www.egemtv.com\/index.php?rest_route=%2Fwp%2Fv2%2Ftags&post=48879"}],"curies":[{"name":"wp","href":"https:\/\/api.w.org\/{rel}","templated":true}]}}