{"id":48876,"date":"2025-08-14T19:56:40","date_gmt":"2025-08-14T16:56:40","guid":{"rendered":"https:\/\/www.egemtv.com\/?p=48876"},"modified":"2025-08-14T19:56:41","modified_gmt":"2025-08-14T16:56:41","slug":"surucunun-tansiyonu-dustu-arac-onundeki-araca-carpip-magazaya-daldi","status":"publish","type":"post","link":"https:\/\/www.egemtv.com\/?p=48876","title":{"rendered":"S\u00fcr\u00fcc\u00fcn\u00fcn tansiyonu d\u00fc\u015ft\u00fc, ara\u00e7 \u00f6n\u00fcndeki araca \u00e7arp\u0131p ma\u011fazaya dald\u0131"},"content":{"rendered":"<p>Manisa\u2019n\u0131n \u015eehzadeler il\u00e7esinde s\u00fcr\u00fcc\u00fcs\u00fcn\u00fcn tansiyonu d\u00fc\u015fen ara\u00e7 \u00f6n\u00fcndeki araca \u00e7arp\u0131p, ard\u0131ndan mobilya ma\u011fazas\u0131na girdi. Ara\u00e7 s\u00fcr\u00fcc\u00fcs\u00fcn\u00fcn yaraland\u0131\u011f\u0131 kaza g\u00fcvenlik kameralar\u0131na yans\u0131d\u0131.<br \/>\n<br \/>Edinilen bilgiye g\u00f6re, 8 Eyl\u00fcl Caddesi\u2019nde 45 ACG 926 plakal\u0131 kamyonetiyle seyir halinde olan Kadir \u00c7.\u2019nin tansiyonunu d\u00fc\u015ft\u00fc. S\u00fcr\u00fcc\u00fcs\u00fcn\u00fcn kontrol\u00fcnden \u00e7\u0131kan ara\u00e7, \u00f6n\u00fcndeki araca \u00e7arp\u0131p mobilya ma\u011fazas\u0131na girdi. Olay yerine ambulans, itfaiye ve polis ekipleri sevk edildi. Sa\u011fl\u0131k ekipleri taraf\u0131ndan olay yerinde ilk m\u00fcdahalesi yap\u0131lan Kadir \u00c7., ambulansla hastaneye kald\u0131r\u0131ld\u0131. Kadir \u00c7.\u2019nin sa\u011fl\u0131k durumunun iyi oldu\u011fu \u00f6\u011frenilirken, kazada ma\u011fazan\u0131n giri\u015f k\u0131sm\u0131nda kimsenin bulunmamas\u0131 ya\u015fanabilecek facian\u0131n \u00f6n\u00fcne ge\u00e7ti. Ma\u011fazada b\u00fcy\u00fck \u00e7apl\u0131 hasar\u0131n meydana geldi\u011fi kazayla ilgili soru\u015fturma ba\u015flat\u0131ld\u0131.<br \/>\n<br \/>\u00d6te yandan, kaza an\u0131 ma\u011fazan\u0131n g\u00fcvenlik kameralar\u0131 taraf\u0131ndan saniye saniye kaydedildi.<br \/><\/p>\n","protected":false},"excerpt":{"rendered":"<p>Manisa\u2019n\u0131n \u015eehzadeler il\u00e7esinde s\u00fcr\u00fcc\u00fcs\u00fcn\u00fcn tansiyonu d\u00fc\u015fen ara\u00e7 \u00f6n\u00fcndeki araca \u00e7arp\u0131p, ard\u0131ndan mobilya ma\u011fazas\u0131na girdi. Ara\u00e7 s\u00fcr\u00fcc\u00fcs\u00fcn\u00fcn yaraland\u0131\u011f\u0131 kaza g\u00fcvenlik kameralar\u0131na yans\u0131d\u0131. Edinilen bilgiye g\u00f6re, 8 Eyl\u00fcl Caddesi\u2019nde 45 ACG 926 plakal\u0131 kamyonetiyle seyir halinde olan Kadir \u00c7.\u2019nin tansiyonunu d\u00fc\u015ft\u00fc. S\u00fcr\u00fcc\u00fcs\u00fcn\u00fcn kontrol\u00fcnden \u00e7\u0131kan ara\u00e7, \u00f6n\u00fcndeki araca \u00e7arp\u0131p mobilya ma\u011fazas\u0131na girdi. Olay yerine ambulans, itfaiye ve polis&#8230;<\/p>\n","protected":false},"author":1,"featured_media":48877,"comment_status":"open","ping_status":"open","sticky":false,"template":"","format":"standard","meta":{"_crdt_document":"","footnotes":""},"categories":[5],"tags":[],"class_list":["post-48876","post","type-post","status-publish","format-standard","has-post-thumbnail","hentry","category-asayis"],"_links":{"self":[{"href":"https:\/\/www.egemtv.com\/index.php?rest_route=\/wp\/v2\/posts\/48876","targetHints":{"allow":["GET"]}}],"collection":[{"href":"https:\/\/www.egemtv.com\/index.php?rest_route=\/wp\/v2\/posts"}],"about":[{"href":"https:\/\/www.egemtv.com\/index.php?rest_route=\/wp\/v2\/types\/post"}],"author":[{"embeddable":true,"href":"https:\/\/www.egemtv.com\/index.php?rest_route=\/wp\/v2\/users\/1"}],"replies":[{"embeddable":true,"href":"https:\/\/www.egemtv.com\/index.php?rest_route=%2Fwp%2Fv2%2Fcomments&post=48876"}],"version-history":[{"count":1,"href":"https:\/\/www.egemtv.com\/index.php?rest_route=\/wp\/v2\/posts\/48876\/revisions"}],"predecessor-version":[{"id":48878,"href":"https:\/\/www.egemtv.com\/index.php?rest_route=\/wp\/v2\/posts\/48876\/revisions\/48878"}],"wp:featuredmedia":[{"embeddable":true,"href":"https:\/\/www.egemtv.com\/index.php?rest_route=\/wp\/v2\/media\/48877"}],"wp:attachment":[{"href":"https:\/\/www.egemtv.com\/index.php?rest_route=%2Fwp%2Fv2%2Fmedia&parent=48876"}],"wp:term":[{"taxonomy":"category","embeddable":true,"href":"https:\/\/www.egemtv.com\/index.php?rest_route=%2Fwp%2Fv2%2Fcategories&post=48876"},{"taxonomy":"post_tag","embeddable":true,"href":"https:\/\/www.egemtv.com\/index.php?rest_route=%2Fwp%2Fv2%2Ftags&post=48876"}],"curies":[{"name":"wp","href":"https:\/\/api.w.org\/{rel}","templated":true}]}}