{"id":48873,"date":"2025-08-14T19:56:39","date_gmt":"2025-08-14T16:56:39","guid":{"rendered":"https:\/\/www.egemtv.com\/?p=48873"},"modified":"2025-08-14T19:56:40","modified_gmt":"2025-08-14T16:56:40","slug":"ak-parti-il-baskani-erdemden-hos-geldin-paylasimi","status":"publish","type":"post","link":"https:\/\/www.egemtv.com\/?p=48873","title":{"rendered":"AK Parti \u0130l Ba\u015fkan\u0131 Erdem\u2019den \u2019Ho\u015f geldin\u2019 payla\u015f\u0131m\u0131"},"content":{"rendered":"<p>AK Parti Ayd\u0131n \u0130l Ba\u015fkan\u0131 Mehmet Erdem, AK Parti\u2019ye kat\u0131lan Ayd\u0131n B\u00fcy\u00fck\u015fehir Belediye Ba\u015fkan\u0131 \u00d6zlem \u00c7er\u00e7io\u011flu ile foto\u011fraf payla\u015f\u0131p \u2019Ho\u015f geldin\u2019 mesaj\u0131 yay\u0131nlad\u0131.<br \/>\n<br \/>AK Parti Ayd\u0131n Milletvekili Mehmet Erdem payla\u015f\u0131m\u0131nda &#8220;Millete hizmet yolunda 24. kurulu\u015f y\u0131ld\u00f6n\u00fcm\u00fc t\u00f6reninde Cumhurba\u015fkan\u0131m\u0131z ve Genel Ba\u015fkan\u0131m\u0131z Recep Tayyip Erdo\u011fan taraf\u0131ndan aram\u0131za kat\u0131lan Ayd\u0131n B\u00fcy\u00fck\u015fehir Belediye Ba\u015fkan\u0131m\u0131z \u00d6zlem \u00c7er\u00e7io\u011flu, S\u00f6ke Belediye Ba\u015fkan\u0131m\u0131z  Mustafa \u0130berya Ar\u0131kan, Sultanhisar Belediye Ba\u015fkan\u0131m\u0131z Osman Y\u0131ld\u0131r\u0131mkaya ve Yenipazar Belediye Ba\u015fkan\u0131m\u0131z Malik Ercan\u2019a rozet takdimleri ger\u00e7ekle\u015ftirildi. Ba\u015fkanlar\u0131m\u0131za ho\u015f geldin diyor, Ayd\u0131n\u2019\u0131m\u0131za hay\u0131rl\u0131, u\u011furlu olmas\u0131n\u0131 temenni ediyoruz.&#8221; ifadelerine yer verdi.<br \/><\/p>\n","protected":false},"excerpt":{"rendered":"<p>AK Parti Ayd\u0131n \u0130l Ba\u015fkan\u0131 Mehmet Erdem, AK Parti\u2019ye kat\u0131lan Ayd\u0131n B\u00fcy\u00fck\u015fehir Belediye Ba\u015fkan\u0131 \u00d6zlem \u00c7er\u00e7io\u011flu ile foto\u011fraf payla\u015f\u0131p \u2019Ho\u015f geldin\u2019 mesaj\u0131 yay\u0131nlad\u0131. AK Parti Ayd\u0131n Milletvekili Mehmet Erdem payla\u015f\u0131m\u0131nda &#8220;Millete hizmet yolunda 24. kurulu\u015f y\u0131ld\u00f6n\u00fcm\u00fc t\u00f6reninde Cumhurba\u015fkan\u0131m\u0131z ve Genel Ba\u015fkan\u0131m\u0131z Recep Tayyip Erdo\u011fan taraf\u0131ndan aram\u0131za kat\u0131lan Ayd\u0131n B\u00fcy\u00fck\u015fehir Belediye Ba\u015fkan\u0131m\u0131z \u00d6zlem \u00c7er\u00e7io\u011flu, S\u00f6ke Belediye&#8230;<\/p>\n","protected":false},"author":1,"featured_media":48874,"comment_status":"open","ping_status":"open","sticky":false,"template":"","format":"standard","meta":{"_crdt_document":"","footnotes":""},"categories":[127],"tags":[],"class_list":["post-48873","post","type-post","status-publish","format-standard","has-post-thumbnail","hentry","category-siyaset"],"_links":{"self":[{"href":"https:\/\/www.egemtv.com\/index.php?rest_route=\/wp\/v2\/posts\/48873","targetHints":{"allow":["GET"]}}],"collection":[{"href":"https:\/\/www.egemtv.com\/index.php?rest_route=\/wp\/v2\/posts"}],"about":[{"href":"https:\/\/www.egemtv.com\/index.php?rest_route=\/wp\/v2\/types\/post"}],"author":[{"embeddable":true,"href":"https:\/\/www.egemtv.com\/index.php?rest_route=\/wp\/v2\/users\/1"}],"replies":[{"embeddable":true,"href":"https:\/\/www.egemtv.com\/index.php?rest_route=%2Fwp%2Fv2%2Fcomments&post=48873"}],"version-history":[{"count":1,"href":"https:\/\/www.egemtv.com\/index.php?rest_route=\/wp\/v2\/posts\/48873\/revisions"}],"predecessor-version":[{"id":48875,"href":"https:\/\/www.egemtv.com\/index.php?rest_route=\/wp\/v2\/posts\/48873\/revisions\/48875"}],"wp:featuredmedia":[{"embeddable":true,"href":"https:\/\/www.egemtv.com\/index.php?rest_route=\/wp\/v2\/media\/48874"}],"wp:attachment":[{"href":"https:\/\/www.egemtv.com\/index.php?rest_route=%2Fwp%2Fv2%2Fmedia&parent=48873"}],"wp:term":[{"taxonomy":"category","embeddable":true,"href":"https:\/\/www.egemtv.com\/index.php?rest_route=%2Fwp%2Fv2%2Fcategories&post=48873"},{"taxonomy":"post_tag","embeddable":true,"href":"https:\/\/www.egemtv.com\/index.php?rest_route=%2Fwp%2Fv2%2Ftags&post=48873"}],"curies":[{"name":"wp","href":"https:\/\/api.w.org\/{rel}","templated":true}]}}