{"id":48867,"date":"2025-08-14T19:34:40","date_gmt":"2025-08-14T16:34:40","guid":{"rendered":"https:\/\/www.egemtv.com\/?p=48867"},"modified":"2025-08-14T19:34:41","modified_gmt":"2025-08-14T16:34:41","slug":"sanliurfada-cezaevinden-firar-eden-hukumlu-kusadasinda-yakalandi","status":"publish","type":"post","link":"https:\/\/www.egemtv.com\/?p=48867","title":{"rendered":"\u015eanl\u0131urfa\u2019da cezaevinden firar eden h\u00fck\u00fcml\u00fc Ku\u015fadas\u0131\u2019nda yakaland\u0131"},"content":{"rendered":"<p>\u015eanl\u0131urfa\u2019da cezaevinden firar eden h\u00fck\u00fcml\u00fc, d\u00fczenlenen operasyonla Ayd\u0131n\u2019\u0131n Ku\u015fadas\u0131 il\u00e7esinde a\u011fabeyinin evinde yakaland\u0131.<br \/>\n<br \/>Edinilen bilgiye g\u00f6re, 9. JASAT, Merkez Jandarma Karakol Komutanl\u0131\u011f\u0131 ve Viran\u015fehir JASAT ekiplerince aranan \u015fah\u0131slar\u0131n yakalanmas\u0131na y\u00f6nelik y\u00fcr\u00fct\u00fclen \u00e7al\u0131\u015fma kapsam\u0131nda B.G. (27) isimli \u015fahs\u0131n \u2019bina i\u00e7inde muhafaza alt\u0131na al\u0131nm\u0131\u015f olan e\u015fya hakk\u0131nda h\u0131rs\u0131zl\u0131k ve h\u00fck\u00fcml\u00fc veya tutuklunun ka\u00e7mas\u0131\u2019 su\u00e7lar\u0131ndan UYAP aranma kayd\u0131 oldu\u011fu belirlendi. Yap\u0131lan ara\u015ft\u0131rmada, B.G.\u2019nin yakla\u015f\u0131k 2 ay \u00f6nce \u015eanl\u0131urfa\u2019da cezaevinden firar etti\u011fi ve Ku\u015fadas\u0131\u2019nda a\u011fabeyinin evinde sakland\u0131\u011f\u0131 tespit edildi. Adrese operasyon d\u00fczenleyen ekipler, \u015fahs\u0131 yakalayarak g\u00f6zalt\u0131na ald\u0131. Jandarmadaki i\u015flemlerin ard\u0131ndan adliyeye sevk edilen B.G., tutuklanarak cezaevine g\u00f6nderildi.<br \/><\/p>\n","protected":false},"excerpt":{"rendered":"<p>\u015eanl\u0131urfa\u2019da cezaevinden firar eden h\u00fck\u00fcml\u00fc, d\u00fczenlenen operasyonla Ayd\u0131n\u2019\u0131n Ku\u015fadas\u0131 il\u00e7esinde a\u011fabeyinin evinde yakaland\u0131. Edinilen bilgiye g\u00f6re, 9. JASAT, Merkez Jandarma Karakol Komutanl\u0131\u011f\u0131 ve Viran\u015fehir JASAT ekiplerince aranan \u015fah\u0131slar\u0131n yakalanmas\u0131na y\u00f6nelik y\u00fcr\u00fct\u00fclen \u00e7al\u0131\u015fma kapsam\u0131nda B.G. (27) isimli \u015fahs\u0131n \u2019bina i\u00e7inde muhafaza alt\u0131na al\u0131nm\u0131\u015f olan e\u015fya hakk\u0131nda h\u0131rs\u0131zl\u0131k ve h\u00fck\u00fcml\u00fc veya tutuklunun ka\u00e7mas\u0131\u2019 su\u00e7lar\u0131ndan UYAP aranma kayd\u0131&#8230;<\/p>\n","protected":false},"author":1,"featured_media":48868,"comment_status":"open","ping_status":"open","sticky":false,"template":"","format":"standard","meta":{"_crdt_document":"","footnotes":""},"categories":[5],"tags":[],"class_list":["post-48867","post","type-post","status-publish","format-standard","has-post-thumbnail","hentry","category-asayis"],"_links":{"self":[{"href":"https:\/\/www.egemtv.com\/index.php?rest_route=\/wp\/v2\/posts\/48867","targetHints":{"allow":["GET"]}}],"collection":[{"href":"https:\/\/www.egemtv.com\/index.php?rest_route=\/wp\/v2\/posts"}],"about":[{"href":"https:\/\/www.egemtv.com\/index.php?rest_route=\/wp\/v2\/types\/post"}],"author":[{"embeddable":true,"href":"https:\/\/www.egemtv.com\/index.php?rest_route=\/wp\/v2\/users\/1"}],"replies":[{"embeddable":true,"href":"https:\/\/www.egemtv.com\/index.php?rest_route=%2Fwp%2Fv2%2Fcomments&post=48867"}],"version-history":[{"count":1,"href":"https:\/\/www.egemtv.com\/index.php?rest_route=\/wp\/v2\/posts\/48867\/revisions"}],"predecessor-version":[{"id":48869,"href":"https:\/\/www.egemtv.com\/index.php?rest_route=\/wp\/v2\/posts\/48867\/revisions\/48869"}],"wp:featuredmedia":[{"embeddable":true,"href":"https:\/\/www.egemtv.com\/index.php?rest_route=\/wp\/v2\/media\/48868"}],"wp:attachment":[{"href":"https:\/\/www.egemtv.com\/index.php?rest_route=%2Fwp%2Fv2%2Fmedia&parent=48867"}],"wp:term":[{"taxonomy":"category","embeddable":true,"href":"https:\/\/www.egemtv.com\/index.php?rest_route=%2Fwp%2Fv2%2Fcategories&post=48867"},{"taxonomy":"post_tag","embeddable":true,"href":"https:\/\/www.egemtv.com\/index.php?rest_route=%2Fwp%2Fv2%2Ftags&post=48867"}],"curies":[{"name":"wp","href":"https:\/\/api.w.org\/{rel}","templated":true}]}}