{"id":48864,"date":"2025-08-14T19:15:16","date_gmt":"2025-08-14T16:15:16","guid":{"rendered":"https:\/\/www.egemtv.com\/?p=48864"},"modified":"2025-08-14T19:15:16","modified_gmt":"2025-08-14T16:15:16","slug":"chp-aydin-il-baskani-saatcinin-cocuklari-istifa-ettigini-duyurdu","status":"publish","type":"post","link":"https:\/\/www.egemtv.com\/?p=48864","title":{"rendered":"CHP Ayd\u0131n \u0130l Ba\u015fkan\u0131 Saat\u00e7i\u2019nin \u00e7ocuklar\u0131 istifa etti\u011fini duyurdu"},"content":{"rendered":"<p>Ayd\u0131n B\u00fcy\u00fck\u015fehir Belediye Ba\u015fkan\u0131 \u00d6zlem \u00c7er\u00e7io\u011flu\u2019nun CHP\u2019den istifa edip AK Partiye kat\u0131lmas\u0131n\u0131n ard\u0131ndan Ayd\u0131n B\u00fcy\u00fck\u015fehir Belediyesi\u2019nde \u00e7al\u0131\u015fan CHP \u0130l Ba\u015fkan\u0131 Hikmet Saat\u00e7i\u2019nin k\u0131z\u0131 ve o\u011flu belediyedeki i\u015flerinden istifa ettiklerini a\u00e7\u0131klad\u0131lar. 13 y\u0131ld\u0131r Ayd\u0131n B\u00fcy\u00fck\u015fehir Belediyesi b\u00fcnyesinde \u00e7al\u0131\u015ft\u0131\u011f\u0131n\u0131 belirten CHP \u0130l Ba\u015fkan\u0131 Hikmet Saat\u00e7\u0131\u2019n\u0131n k\u0131z\u0131 Merve Saat\u00e7i \u00d6zmen, istifas\u0131n\u0131 sosyal medya hesab\u0131ndan a\u00e7\u0131klad\u0131.<br \/>\n<br \/>Ayd\u0131n B\u00fcy\u00fck\u015fehir Belediye Ba\u015fkan\u0131 \u00d6zlem \u00c7er\u00e7io\u011flu\u2019nun Ankara\u2019da d\u00fczenlenen t\u00f6renle CHP\u2019den AK Partiye ge\u00e7i\u015finin ard\u0131ndan Ayd\u0131n B\u00fcy\u00fck\u015fehir Belediyesi\u2019ndeki i\u015finden istifa etti\u011fini sosyal medya hesab\u0131ndan yapt\u0131\u011f\u0131 payla\u015f\u0131mla a\u00e7\u0131klayan Merve Saat\u00e7i \u00d6zmen, &#8220;Alt\u0131 oklu, bacas\u0131 umuda t\u00fcten \u015fanl\u0131 Cumhuriyet Halk Partisi \u00e7at\u0131s\u0131 alt\u0131nda do\u011fdum, b\u00fcy\u00fcd\u00fcm ben. Ailemin k\u00f6klerinden miras t\u00fcm fikirleri kalbimde ya\u015fad\u0131m. Her insan elbet bir de\u011fildir ama do\u011fru ise tektir. Do\u011fru olanda bildi\u011fin yolda y\u00fcr\u00fcmektir. Emek vererek 13 y\u0131ld\u0131r \u00e7al\u0131\u015fm\u0131\u015f oldu\u011fum Ayd\u0131n B\u00fcy\u00fck\u015fehir Belediyesi\u2019nden istifa ediyorum.&#8221; ifadelerine yer verdi.<br \/>\n<br \/>CHP Ayd\u0131n \u0130l Ba\u015fkan\u0131 Hikmet Saat\u00e7i\u2019nin Ayd\u0131n B\u00fcy\u00fck\u015fehir Belediyesi\u2019nde \u00e7al\u0131\u015fan o\u011flu \u00d6zg\u00fcr Saat\u00e7i\u2019nin de k\u0131z karde\u015fi gibi ayn\u0131 gerek\u00e7elerle B\u00fcy\u00fck\u015fehir Belediyesi\u2019ndeki i\u015finden istifa etti\u011fi \u00f6\u011frenildi.<br \/><\/p>\n","protected":false},"excerpt":{"rendered":"<p>Ayd\u0131n B\u00fcy\u00fck\u015fehir Belediye Ba\u015fkan\u0131 \u00d6zlem \u00c7er\u00e7io\u011flu\u2019nun CHP\u2019den istifa edip AK Partiye kat\u0131lmas\u0131n\u0131n ard\u0131ndan Ayd\u0131n B\u00fcy\u00fck\u015fehir Belediyesi\u2019nde \u00e7al\u0131\u015fan CHP \u0130l Ba\u015fkan\u0131 Hikmet Saat\u00e7i\u2019nin k\u0131z\u0131 ve o\u011flu belediyedeki i\u015flerinden istifa ettiklerini a\u00e7\u0131klad\u0131lar. 13 y\u0131ld\u0131r Ayd\u0131n B\u00fcy\u00fck\u015fehir Belediyesi b\u00fcnyesinde \u00e7al\u0131\u015ft\u0131\u011f\u0131n\u0131 belirten CHP \u0130l Ba\u015fkan\u0131 Hikmet Saat\u00e7\u0131\u2019n\u0131n k\u0131z\u0131 Merve Saat\u00e7i \u00d6zmen, istifas\u0131n\u0131 sosyal medya hesab\u0131ndan a\u00e7\u0131klad\u0131. Ayd\u0131n B\u00fcy\u00fck\u015fehir Belediye&#8230;<\/p>\n","protected":false},"author":1,"featured_media":48865,"comment_status":"open","ping_status":"open","sticky":false,"template":"","format":"standard","meta":{"_crdt_document":"","footnotes":""},"categories":[127],"tags":[],"class_list":["post-48864","post","type-post","status-publish","format-standard","has-post-thumbnail","hentry","category-siyaset"],"_links":{"self":[{"href":"https:\/\/www.egemtv.com\/index.php?rest_route=\/wp\/v2\/posts\/48864","targetHints":{"allow":["GET"]}}],"collection":[{"href":"https:\/\/www.egemtv.com\/index.php?rest_route=\/wp\/v2\/posts"}],"about":[{"href":"https:\/\/www.egemtv.com\/index.php?rest_route=\/wp\/v2\/types\/post"}],"author":[{"embeddable":true,"href":"https:\/\/www.egemtv.com\/index.php?rest_route=\/wp\/v2\/users\/1"}],"replies":[{"embeddable":true,"href":"https:\/\/www.egemtv.com\/index.php?rest_route=%2Fwp%2Fv2%2Fcomments&post=48864"}],"version-history":[{"count":1,"href":"https:\/\/www.egemtv.com\/index.php?rest_route=\/wp\/v2\/posts\/48864\/revisions"}],"predecessor-version":[{"id":48866,"href":"https:\/\/www.egemtv.com\/index.php?rest_route=\/wp\/v2\/posts\/48864\/revisions\/48866"}],"wp:featuredmedia":[{"embeddable":true,"href":"https:\/\/www.egemtv.com\/index.php?rest_route=\/wp\/v2\/media\/48865"}],"wp:attachment":[{"href":"https:\/\/www.egemtv.com\/index.php?rest_route=%2Fwp%2Fv2%2Fmedia&parent=48864"}],"wp:term":[{"taxonomy":"category","embeddable":true,"href":"https:\/\/www.egemtv.com\/index.php?rest_route=%2Fwp%2Fv2%2Fcategories&post=48864"},{"taxonomy":"post_tag","embeddable":true,"href":"https:\/\/www.egemtv.com\/index.php?rest_route=%2Fwp%2Fv2%2Ftags&post=48864"}],"curies":[{"name":"wp","href":"https:\/\/api.w.org\/{rel}","templated":true}]}}