{"id":48861,"date":"2025-08-14T18:14:36","date_gmt":"2025-08-14T15:14:36","guid":{"rendered":"https:\/\/www.egemtv.com\/?p=48861"},"modified":"2025-08-14T18:14:36","modified_gmt":"2025-08-14T15:14:36","slug":"agzikara-koyunde-sicak-asfalt-calismalari-sona-yaklasti","status":"publish","type":"post","link":"https:\/\/www.egemtv.com\/?p=48861","title":{"rendered":"A\u011fz\u0131kara k\u00f6y\u00fcnde s\u0131cak asfalt \u00e7al\u0131\u015fmalar\u0131 sona yakla\u015ft\u0131"},"content":{"rendered":"<p>Afyonkarahisar\u2019\u0131n A\u011fz\u0131kara k\u00f6y\u00fcnde s\u0131cak asfalt yap\u0131m \u00e7al\u0131\u015fmalar\u0131 t\u00fcm h\u0131z\u0131yla devam ediyor.<br \/>\n<br \/>\u015euhut il\u00e7esine ba\u011fl\u0131 A\u011fz\u0131kara k\u00f6y\u00fcnde toplam 2,5 kilometrelik yolun asfaltlanaca\u011f\u0131 proje \u00e7er\u00e7evesinde ekipler hummal\u0131 bir \u015fekilde \u00e7al\u0131\u015f\u0131yor. \u015euhut Kaymakam\u0131 \u0130zzet Cem Eser, \u0130l Genel Meclisi \u00dcyeleri Ali Diren, Mehmet Avc\u0131 ve Mahmut Akkaya ile birlikte \u00e7al\u0131\u015fmalar\u0131 yerinde inceleyerek yetkililerden bilgi ald\u0131. \u00c7al\u0131\u015fmalar\u0131n yar\u0131n tamamlanaca\u011f\u0131 \u00f6\u011frenilirken, proje sayesinde k\u00f6y i\u00e7i ula\u015f\u0131m\u0131n daha konforlu ve g\u00fcvenli hale gelmesi beklendi\u011fi belirtildi.<br \/><\/p>\n","protected":false},"excerpt":{"rendered":"<p>Afyonkarahisar\u2019\u0131n A\u011fz\u0131kara k\u00f6y\u00fcnde s\u0131cak asfalt yap\u0131m \u00e7al\u0131\u015fmalar\u0131 t\u00fcm h\u0131z\u0131yla devam ediyor. \u015euhut il\u00e7esine ba\u011fl\u0131 A\u011fz\u0131kara k\u00f6y\u00fcnde toplam 2,5 kilometrelik yolun asfaltlanaca\u011f\u0131 proje \u00e7er\u00e7evesinde ekipler hummal\u0131 bir \u015fekilde \u00e7al\u0131\u015f\u0131yor. \u015euhut Kaymakam\u0131 \u0130zzet Cem Eser, \u0130l Genel Meclisi \u00dcyeleri Ali Diren, Mehmet Avc\u0131 ve Mahmut Akkaya ile birlikte \u00e7al\u0131\u015fmalar\u0131 yerinde inceleyerek yetkililerden bilgi ald\u0131. \u00c7al\u0131\u015fmalar\u0131n yar\u0131n tamamlanaca\u011f\u0131&#8230;<\/p>\n","protected":false},"author":1,"featured_media":48862,"comment_status":"open","ping_status":"open","sticky":false,"template":"","format":"standard","meta":{"_crdt_document":"","footnotes":""},"categories":[1],"tags":[],"class_list":["post-48861","post","type-post","status-publish","format-standard","has-post-thumbnail","hentry","category-guncel"],"_links":{"self":[{"href":"https:\/\/www.egemtv.com\/index.php?rest_route=\/wp\/v2\/posts\/48861","targetHints":{"allow":["GET"]}}],"collection":[{"href":"https:\/\/www.egemtv.com\/index.php?rest_route=\/wp\/v2\/posts"}],"about":[{"href":"https:\/\/www.egemtv.com\/index.php?rest_route=\/wp\/v2\/types\/post"}],"author":[{"embeddable":true,"href":"https:\/\/www.egemtv.com\/index.php?rest_route=\/wp\/v2\/users\/1"}],"replies":[{"embeddable":true,"href":"https:\/\/www.egemtv.com\/index.php?rest_route=%2Fwp%2Fv2%2Fcomments&post=48861"}],"version-history":[{"count":1,"href":"https:\/\/www.egemtv.com\/index.php?rest_route=\/wp\/v2\/posts\/48861\/revisions"}],"predecessor-version":[{"id":48863,"href":"https:\/\/www.egemtv.com\/index.php?rest_route=\/wp\/v2\/posts\/48861\/revisions\/48863"}],"wp:featuredmedia":[{"embeddable":true,"href":"https:\/\/www.egemtv.com\/index.php?rest_route=\/wp\/v2\/media\/48862"}],"wp:attachment":[{"href":"https:\/\/www.egemtv.com\/index.php?rest_route=%2Fwp%2Fv2%2Fmedia&parent=48861"}],"wp:term":[{"taxonomy":"category","embeddable":true,"href":"https:\/\/www.egemtv.com\/index.php?rest_route=%2Fwp%2Fv2%2Fcategories&post=48861"},{"taxonomy":"post_tag","embeddable":true,"href":"https:\/\/www.egemtv.com\/index.php?rest_route=%2Fwp%2Fv2%2Ftags&post=48861"}],"curies":[{"name":"wp","href":"https:\/\/api.w.org\/{rel}","templated":true}]}}