{"id":48858,"date":"2025-08-14T18:14:35","date_gmt":"2025-08-14T15:14:35","guid":{"rendered":"https:\/\/www.egemtv.com\/?p=48858"},"modified":"2025-08-14T18:14:36","modified_gmt":"2025-08-14T15:14:36","slug":"dagda-mahsur-kalan-yarali-vatandasi-kurtarmak-icin-ekipler-seferber-oldu","status":"publish","type":"post","link":"https:\/\/www.egemtv.com\/?p=48858","title":{"rendered":"Da\u011fda mahsur kalan yaral\u0131 vatanda\u015f\u0131 kurtarmak i\u00e7in ekipler seferber oldu"},"content":{"rendered":"<p>Afyonkarahisar\u2019da da\u011fda mahsur kalan yaral\u0131 vatanda\u015f, AFAD ve UMKE ekipleri taraf\u0131ndan kurtar\u0131ld\u0131.<br \/>\n<br \/>Edinilen bilgilere g\u00f6re, yaral\u0131 bir vatanda\u015f\u0131n da\u011fda mahsur kald\u0131\u011f\u0131 ihbar\u0131 \u00fczerine ekipler harekete ge\u00e7ti. Yaral\u0131n\u0131n kurtar\u0131lmas\u0131 i\u00e7in ekiplerce engebeli arazi \u015fartlar\u0131nda \u00e7al\u0131\u015fma ba\u015flat\u0131ld\u0131. AFAD ekiplerinin ba\u015far\u0131yla ula\u015f\u0131m sa\u011flad\u0131\u011f\u0131 yaral\u0131, ilk m\u00fcdahalenin yap\u0131lmas\u0131n\u0131n ard\u0131ndan titizlikle a\u015fa\u011f\u0131ya indirildi.<\/p>\n<p>Yaral\u0131 su \u00fczerinden ta\u015f\u0131narak karayoluna ula\u015ft\u0131r\u0131ld\u0131<br \/>\n<br \/>Da\u011f yollar\u0131n\u0131n kapal\u0131 olmas\u0131 nedeniyle UMKE ekipleri devreye girdi. Normal bir ambulans\u0131n ula\u015famayaca\u011f\u0131 bu noktaya \u2019Argo\u2019 ad\u0131 verilen bir amfibik ara\u00e7 ile gidildi. Argo\u2019nun \u00fcst\u00fcn arazi \u00f6zellikleri sayesinde yaral\u0131, g\u00fcvenli ve sars\u0131nt\u0131s\u0131z bir \u015fekilde baraj kenar\u0131na ta\u015f\u0131nd\u0131. AFAD\u2019\u0131n \u00f6zel kurtarma botuna al\u0131nan yaral\u0131, su \u00fczerinden h\u0131zla ta\u015f\u0131narak karayoluna ula\u015ft\u0131r\u0131ld\u0131. Botla k\u0131y\u0131ya yana\u015fan UMKE timi, yaral\u0131y\u0131 ambulansla bekleyen sa\u011fl\u0131k ekiplerine teslim etti.<br \/><\/p>\n","protected":false},"excerpt":{"rendered":"<p>Afyonkarahisar\u2019da da\u011fda mahsur kalan yaral\u0131 vatanda\u015f, AFAD ve UMKE ekipleri taraf\u0131ndan kurtar\u0131ld\u0131. Edinilen bilgilere g\u00f6re, yaral\u0131 bir vatanda\u015f\u0131n da\u011fda mahsur kald\u0131\u011f\u0131 ihbar\u0131 \u00fczerine ekipler harekete ge\u00e7ti. Yaral\u0131n\u0131n kurtar\u0131lmas\u0131 i\u00e7in ekiplerce engebeli arazi \u015fartlar\u0131nda \u00e7al\u0131\u015fma ba\u015flat\u0131ld\u0131. AFAD ekiplerinin ba\u015far\u0131yla ula\u015f\u0131m sa\u011flad\u0131\u011f\u0131 yaral\u0131, ilk m\u00fcdahalenin yap\u0131lmas\u0131n\u0131n ard\u0131ndan titizlikle a\u015fa\u011f\u0131ya indirildi. Yaral\u0131 su \u00fczerinden ta\u015f\u0131narak karayoluna ula\u015ft\u0131r\u0131ld\u0131 Da\u011f&#8230;<\/p>\n","protected":false},"author":1,"featured_media":48859,"comment_status":"open","ping_status":"open","sticky":false,"template":"","format":"standard","meta":{"_crdt_document":"","footnotes":""},"categories":[5],"tags":[],"class_list":["post-48858","post","type-post","status-publish","format-standard","has-post-thumbnail","hentry","category-asayis"],"_links":{"self":[{"href":"https:\/\/www.egemtv.com\/index.php?rest_route=\/wp\/v2\/posts\/48858","targetHints":{"allow":["GET"]}}],"collection":[{"href":"https:\/\/www.egemtv.com\/index.php?rest_route=\/wp\/v2\/posts"}],"about":[{"href":"https:\/\/www.egemtv.com\/index.php?rest_route=\/wp\/v2\/types\/post"}],"author":[{"embeddable":true,"href":"https:\/\/www.egemtv.com\/index.php?rest_route=\/wp\/v2\/users\/1"}],"replies":[{"embeddable":true,"href":"https:\/\/www.egemtv.com\/index.php?rest_route=%2Fwp%2Fv2%2Fcomments&post=48858"}],"version-history":[{"count":1,"href":"https:\/\/www.egemtv.com\/index.php?rest_route=\/wp\/v2\/posts\/48858\/revisions"}],"predecessor-version":[{"id":48860,"href":"https:\/\/www.egemtv.com\/index.php?rest_route=\/wp\/v2\/posts\/48858\/revisions\/48860"}],"wp:featuredmedia":[{"embeddable":true,"href":"https:\/\/www.egemtv.com\/index.php?rest_route=\/wp\/v2\/media\/48859"}],"wp:attachment":[{"href":"https:\/\/www.egemtv.com\/index.php?rest_route=%2Fwp%2Fv2%2Fmedia&parent=48858"}],"wp:term":[{"taxonomy":"category","embeddable":true,"href":"https:\/\/www.egemtv.com\/index.php?rest_route=%2Fwp%2Fv2%2Fcategories&post=48858"},{"taxonomy":"post_tag","embeddable":true,"href":"https:\/\/www.egemtv.com\/index.php?rest_route=%2Fwp%2Fv2%2Ftags&post=48858"}],"curies":[{"name":"wp","href":"https:\/\/api.w.org\/{rel}","templated":true}]}}