{"id":48855,"date":"2025-08-14T18:14:34","date_gmt":"2025-08-14T15:14:34","guid":{"rendered":"https:\/\/www.egemtv.com\/?p=48855"},"modified":"2025-08-14T18:14:35","modified_gmt":"2025-08-14T15:14:35","slug":"izmir-aciklarinda-20-gocmen-yakalandi","status":"publish","type":"post","link":"https:\/\/www.egemtv.com\/?p=48855","title":{"rendered":"\u0130zmir a\u00e7\u0131klar\u0131nda 20 g\u00f6\u00e7men yakaland\u0131"},"content":{"rendered":"<p>\u0130zmir\u2019in Menderes il\u00e7esi a\u00e7\u0131klar\u0131nda lastik botta 20 d\u00fczensiz g\u00f6\u00e7men yakaland\u0131.<br \/>\n<br \/>Sahil G\u00fcvenlik Komutanl\u0131\u011f\u0131 ekipleri, 12 A\u011fustos\u2019ta gece saat 04.30\u2019da Menderes il\u00e7esi a\u00e7\u0131klar\u0131nda hareketli bir lastik bot tespit etti. G\u00f6revlendirilen Sahil G\u00fcvenlik botlar\u0131 taraf\u0131ndan durdurulan lastik botta yasa d\u0131\u015f\u0131 yollarla yurt d\u0131\u015f\u0131na \u00e7\u0131kma giri\u015fiminde bulunduklar\u0131 belirlenen 4\u2019\u00fc \u00e7ocuk 20 d\u00fczensiz g\u00f6\u00e7men yakaland\u0131. Karaya \u00e7\u0131kart\u0131lan g\u00f6\u00e7menler, sa\u011fl\u0131k kontrolleri ve i\u015flemlerinin ard\u0131ndan \u0130l G\u00f6\u00e7 \u0130daresi M\u00fcd\u00fcrl\u00fc\u011f\u00fcne sevk edildi.<br \/><\/p>\n","protected":false},"excerpt":{"rendered":"<p>\u0130zmir\u2019in Menderes il\u00e7esi a\u00e7\u0131klar\u0131nda lastik botta 20 d\u00fczensiz g\u00f6\u00e7men yakaland\u0131. Sahil G\u00fcvenlik Komutanl\u0131\u011f\u0131 ekipleri, 12 A\u011fustos\u2019ta gece saat 04.30\u2019da Menderes il\u00e7esi a\u00e7\u0131klar\u0131nda hareketli bir lastik bot tespit etti. G\u00f6revlendirilen Sahil G\u00fcvenlik botlar\u0131 taraf\u0131ndan durdurulan lastik botta yasa d\u0131\u015f\u0131 yollarla yurt d\u0131\u015f\u0131na \u00e7\u0131kma giri\u015fiminde bulunduklar\u0131 belirlenen 4\u2019\u00fc \u00e7ocuk 20 d\u00fczensiz g\u00f6\u00e7men yakaland\u0131. Karaya \u00e7\u0131kart\u0131lan g\u00f6\u00e7menler, sa\u011fl\u0131k&#8230;<\/p>\n","protected":false},"author":1,"featured_media":48856,"comment_status":"open","ping_status":"open","sticky":false,"template":"","format":"standard","meta":{"_crdt_document":"","footnotes":""},"categories":[5],"tags":[],"class_list":["post-48855","post","type-post","status-publish","format-standard","has-post-thumbnail","hentry","category-asayis"],"_links":{"self":[{"href":"https:\/\/www.egemtv.com\/index.php?rest_route=\/wp\/v2\/posts\/48855","targetHints":{"allow":["GET"]}}],"collection":[{"href":"https:\/\/www.egemtv.com\/index.php?rest_route=\/wp\/v2\/posts"}],"about":[{"href":"https:\/\/www.egemtv.com\/index.php?rest_route=\/wp\/v2\/types\/post"}],"author":[{"embeddable":true,"href":"https:\/\/www.egemtv.com\/index.php?rest_route=\/wp\/v2\/users\/1"}],"replies":[{"embeddable":true,"href":"https:\/\/www.egemtv.com\/index.php?rest_route=%2Fwp%2Fv2%2Fcomments&post=48855"}],"version-history":[{"count":1,"href":"https:\/\/www.egemtv.com\/index.php?rest_route=\/wp\/v2\/posts\/48855\/revisions"}],"predecessor-version":[{"id":48857,"href":"https:\/\/www.egemtv.com\/index.php?rest_route=\/wp\/v2\/posts\/48855\/revisions\/48857"}],"wp:featuredmedia":[{"embeddable":true,"href":"https:\/\/www.egemtv.com\/index.php?rest_route=\/wp\/v2\/media\/48856"}],"wp:attachment":[{"href":"https:\/\/www.egemtv.com\/index.php?rest_route=%2Fwp%2Fv2%2Fmedia&parent=48855"}],"wp:term":[{"taxonomy":"category","embeddable":true,"href":"https:\/\/www.egemtv.com\/index.php?rest_route=%2Fwp%2Fv2%2Fcategories&post=48855"},{"taxonomy":"post_tag","embeddable":true,"href":"https:\/\/www.egemtv.com\/index.php?rest_route=%2Fwp%2Fv2%2Ftags&post=48855"}],"curies":[{"name":"wp","href":"https:\/\/api.w.org\/{rel}","templated":true}]}}