{"id":48852,"date":"2025-08-14T17:34:45","date_gmt":"2025-08-14T14:34:45","guid":{"rendered":"https:\/\/www.egemtv.com\/?p=48852"},"modified":"2025-08-14T17:34:45","modified_gmt":"2025-08-14T14:34:45","slug":"ulada-yaz-kuran-kursu-ogrencilerine-eglenceli-senlik","status":"publish","type":"post","link":"https:\/\/www.egemtv.com\/?p=48852","title":{"rendered":"Ula\u2019da yaz Kur\u2019an kursu \u00f6\u011frencilerine e\u011flenceli \u015fenlik"},"content":{"rendered":"<p>Mu\u011fla\u2019n\u0131n Ula il\u00e7esinde, Ula Kaymakaml\u0131\u011f\u0131 himayelerinde Yaz Kur\u2019an Kursu \u00f6\u011frencilerine y\u00f6nelik \u00e7ocuk \u015fenli\u011fi d\u00fczenlendi. Ula Gen\u00e7lik ve Spor \u0130l\u00e7e M\u00fcd\u00fcrl\u00fc\u011f\u00fc ile Uluslararas\u0131 Gen\u00e7lik Merkezi i\u015f birli\u011finde ger\u00e7ekle\u015ftirilen etkinlikte yakla\u015f\u0131k 100 kursiyer, hem sportif hem de sosyal faaliyetlerle dolu bir g\u00fcn ge\u00e7irdi.<\/p>\n<p>\u015eenlik kapsam\u0131nda survivor parkuru, y\u00fcz boyama, resim \u00e7al\u0131\u015fmalar\u0131 gibi renkli etkinliklerin yan\u0131 s\u0131ra ayak tenisi, ko\u015fu gibi mini sportif yar\u0131\u015flar da yap\u0131ld\u0131. \u00c7ocuklar, g\u00fcn boyu hem e\u011flendi hem de sosyal etkile\u015fim f\u0131rsat\u0131 buldu. Etkinlik boyunca pamuk \u015feker ve patlam\u0131\u015f m\u0131s\u0131r ikram\u0131 yap\u0131ld\u0131. Ula Gen\u00e7lik ve Spor \u0130l\u00e7e M\u00fcd\u00fcr\u00fc Ya\u011fmur K\u00fc\u00e7\u00fck, &#8220;Bug\u00fcn, yaz boyu devam eden Kur\u2019an kursumuzun biti\u015fini e\u011flenceli bir faaliyetle ta\u00e7land\u0131rmak istedik. Yakla\u015f\u0131k 100 kadar \u00e7ocu\u011fumuzla hem sosyal hem sportif etkinlikler ger\u00e7ekle\u015ftirdik. Antren\u00f6rlerimiz ve Uluslararas\u0131 Gen\u00e7lik Merkezi\u2019ndeki gen\u00e7lik liderlerimizle beraber \u00e7ocuklar\u0131m\u0131z\u0131n hem kayna\u015fmas\u0131n\u0131 hem de okul \u00f6ncesi streslerini atmalar\u0131n\u0131 sa\u011flad\u0131k. Bu kapsamda bize desteklerini esirgemeyen Ula Kaymakam\u0131m\u0131z Mehmet R\u0131dvan Do\u011fan\u2019a ve \u0130l M\u00fcd\u00fcr\u00fcm\u00fcz Musa Kaz\u0131m A\u00e7\u0131kba\u015f\u2019a te\u015fekk\u00fcr ederiz&#8221; diye konu\u015ftu.<br \/><\/p>\n","protected":false},"excerpt":{"rendered":"<p>Mu\u011fla\u2019n\u0131n Ula il\u00e7esinde, Ula Kaymakaml\u0131\u011f\u0131 himayelerinde Yaz Kur\u2019an Kursu \u00f6\u011frencilerine y\u00f6nelik \u00e7ocuk \u015fenli\u011fi d\u00fczenlendi. Ula Gen\u00e7lik ve Spor \u0130l\u00e7e M\u00fcd\u00fcrl\u00fc\u011f\u00fc ile Uluslararas\u0131 Gen\u00e7lik Merkezi i\u015f birli\u011finde ger\u00e7ekle\u015ftirilen etkinlikte yakla\u015f\u0131k 100 kursiyer, hem sportif hem de sosyal faaliyetlerle dolu bir g\u00fcn ge\u00e7irdi. \u015eenlik kapsam\u0131nda survivor parkuru, y\u00fcz boyama, resim \u00e7al\u0131\u015fmalar\u0131 gibi renkli etkinliklerin yan\u0131 s\u0131ra ayak&#8230;<\/p>\n","protected":false},"author":1,"featured_media":48853,"comment_status":"open","ping_status":"open","sticky":false,"template":"","format":"standard","meta":{"_crdt_document":"","footnotes":""},"categories":[1],"tags":[],"class_list":["post-48852","post","type-post","status-publish","format-standard","has-post-thumbnail","hentry","category-guncel"],"_links":{"self":[{"href":"https:\/\/www.egemtv.com\/index.php?rest_route=\/wp\/v2\/posts\/48852","targetHints":{"allow":["GET"]}}],"collection":[{"href":"https:\/\/www.egemtv.com\/index.php?rest_route=\/wp\/v2\/posts"}],"about":[{"href":"https:\/\/www.egemtv.com\/index.php?rest_route=\/wp\/v2\/types\/post"}],"author":[{"embeddable":true,"href":"https:\/\/www.egemtv.com\/index.php?rest_route=\/wp\/v2\/users\/1"}],"replies":[{"embeddable":true,"href":"https:\/\/www.egemtv.com\/index.php?rest_route=%2Fwp%2Fv2%2Fcomments&post=48852"}],"version-history":[{"count":1,"href":"https:\/\/www.egemtv.com\/index.php?rest_route=\/wp\/v2\/posts\/48852\/revisions"}],"predecessor-version":[{"id":48854,"href":"https:\/\/www.egemtv.com\/index.php?rest_route=\/wp\/v2\/posts\/48852\/revisions\/48854"}],"wp:featuredmedia":[{"embeddable":true,"href":"https:\/\/www.egemtv.com\/index.php?rest_route=\/wp\/v2\/media\/48853"}],"wp:attachment":[{"href":"https:\/\/www.egemtv.com\/index.php?rest_route=%2Fwp%2Fv2%2Fmedia&parent=48852"}],"wp:term":[{"taxonomy":"category","embeddable":true,"href":"https:\/\/www.egemtv.com\/index.php?rest_route=%2Fwp%2Fv2%2Fcategories&post=48852"},{"taxonomy":"post_tag","embeddable":true,"href":"https:\/\/www.egemtv.com\/index.php?rest_route=%2Fwp%2Fv2%2Ftags&post=48852"}],"curies":[{"name":"wp","href":"https:\/\/api.w.org\/{rel}","templated":true}]}}