{"id":48849,"date":"2025-08-14T17:15:40","date_gmt":"2025-08-14T14:15:40","guid":{"rendered":"https:\/\/www.egemtv.com\/?p=48849"},"modified":"2025-08-14T17:15:41","modified_gmt":"2025-08-14T14:15:41","slug":"manisa-nufusu-hizla-yaslaniyor","status":"publish","type":"post","link":"https:\/\/www.egemtv.com\/?p=48849","title":{"rendered":"Manisa n\u00fcfusu h\u0131zla ya\u015flan\u0131yor"},"content":{"rendered":"<p>MAN\u0130SA (\u0130HA) \u2013 Manisa Aile ve Sosyal Hizmetler \u0130l M\u00fcd\u00fcr\u00fc Mustafa K\u0131l\u0131\u00e7, ya\u015fl\u0131l\u0131k oranlar\u0131yla ilgili yapt\u0131\u011f\u0131 a\u00e7\u0131klamada, &#8220;Manisa yerelinde d\u00fc\u015f\u00fcnd\u00fc\u011f\u00fcm\u00fcz zaman 13,2 ya\u015fl\u0131l\u0131k oran\u0131yla m\u00fcthi\u015f bir h\u0131zla ya\u015fland\u0131\u011f\u0131m\u0131z\u0131 g\u00f6r\u00fcyoruz. T\u00fcrkiye ortalamas\u0131 da a\u015fa\u011f\u0131 yukar\u0131 3 puan \u00fcst\u00fcndeyiz&#8221; dedi.<br \/>\n<br \/>Manisa Aile ve Sosyal Hizmetler \u0130l M\u00fcd\u00fcrl\u00fc\u011f\u00fc \u00f6nc\u00fcl\u00fc\u011f\u00fcnde II. Ya\u015fl\u0131l\u0131k \u015euras\u0131 kapsam\u0131nda, toplumsal haf\u0131zan\u0131n ta\u015f\u0131y\u0131c\u0131s\u0131 olan ya\u015fl\u0131 bireylerin ya\u015fam kalitesini art\u0131rmak, kar\u015f\u0131la\u015ft\u0131klar\u0131 sorunlara \u00e7\u00f6z\u00fcm \u00fcretmek ve veriye dayal\u0131 hak temelli ya\u015flanma politikalar\u0131n\u0131 geli\u015ftirmek amac\u0131yla Manisa Celal Bayar \u00dcniversitesi S\u00fcleyman Demirel K\u00fclt\u00fcr Merkezi\u2019nde Ya\u015fl\u0131l\u0131k \u00c7al\u0131\u015ftay\u0131 d\u00fczenlendi. \u00c7al\u0131\u015ftay\u0131n a\u00e7\u0131l\u0131\u015f konu\u015fmas\u0131n\u0131 yapan Manisa Aile ve Sosyal Hizmetler \u0130l M\u00fcd\u00fcr\u00fc Mustafa K\u0131l\u0131\u00e7, &#8220;Bu \u00f6mr\u00fcm\u00fcz\u00fcn \u00fc\u00e7\u00fcnc\u00fc a\u015famas\u0131. Ya\u015fl\u0131l\u0131k, \u00e7ocukluk, gen\u00e7lik evrelerinden sonraki en uzun a\u015famalardan bir tanesidir. Biz kurum olarak bu g\u00fczel insanlara bu alanda hizmet vermenin \u015ferefini ve onurunu ya\u015f\u0131yoruz.  Bug\u00fcn burada bulunma amac\u0131m\u0131z tabi ki sorunlar, sorunlara kar\u015f\u0131 \u00fcretilmesi gereken \u00e7\u00f6z\u00fcmler. Ama sadece bug\u00fcnle ilgili de\u011fil yapacak oldu\u011fumuz bu \u00e7al\u0131\u015fma yar\u0131nlara ait bir \u00e7al\u0131\u015fma. Bu miras gelecek nesillere de aktar\u0131lmas\u0131 gereken bir miras olarak d\u00fc\u015f\u00fcnd\u00fc\u011f\u00fcm\u00fczden bug\u00fcn \u00e7ok anlaml\u0131 \u00e7al\u0131\u015ftay\u0131 ger\u00e7ekle\u015ftirmek istiyoruz. Manisa yerelinde d\u00fc\u015f\u00fcnd\u00fc\u011f\u00fcm\u00fcz zaman 13,2 ya\u015fl\u0131l\u0131k oran\u0131yla m\u00fcthi\u015f bir h\u0131zla ya\u015fland\u0131\u011f\u0131m\u0131z\u0131 g\u00f6r\u00fcyoruz. Bu tabii \u00e7ok \u00f6nemli bir veri. T\u00fcrkiye ortalamas\u0131 da a\u015fa\u011f\u0131 yukar\u0131 3 puan \u00fcst\u00fcndeyiz. Tabii buras\u0131 bir turizm kenti, buras\u0131 bir sanayi \u015fehri, buras\u0131 bir tar\u0131m \u015fehri. Aileler burada herkes evde en az belki bir, iki ki\u015fi \u00e7al\u0131\u015f\u0131yor. Dolay\u0131s\u0131yla ebeveynlerimiz, b\u00fcy\u00fcklerimiz bizim annelerimiz, babalar\u0131m\u0131z, dedelerimiz aileler taraf\u0131ndan bak\u0131lmakta zorlan\u0131l\u0131yor. \u0130nsanlar ge\u00e7im derdinde. Manisa genelinde s\u00f6yleyece\u011fimiz her \u015fey T\u00fcrkiye geneline de yans\u0131yan problemlerin \u00e7\u00f6z\u00fcm\u00fc konusunda bize \u0131\u015f\u0131k tutaca\u011f\u0131na inan\u0131yorum&#8221; diye konu\u015ftu.<br \/>\n<br \/>Programda huzurevi sakinleri de s\u00f6z alarak istek ve taleplerini dile getirdi. Sa\u011fl\u0131k hizmetlerinden sosyal etkinliklere, ula\u015f\u0131mdan bak\u0131m hizmetlerine kadar farkl\u0131 konularda \u00f6neriler sunan kat\u0131l\u0131mc\u0131lar, kendilerine verilen bu s\u00f6z hakk\u0131n\u0131n memnuniyet verici oldu\u011funu ifade etti.<br \/>\n<br \/>\u00c7al\u0131\u015ftaya, Manisa Vali Yard\u0131mc\u0131s\u0131 Erhan G\u00fcnay, Manisa Aile ve Sosyal Hizmetler \u0130l M\u00fcd\u00fcr\u00fc Mustafa K\u0131l\u0131\u00e7, Manisa Celal Bayar \u00dcniversitesi Sa\u011fl\u0131k Bilimleri Fak\u00fcltesi Dekan\u0131 Prof. Dr. Seyhun K\u00fcr\u015fat, Manisa \u0130l Sa\u011fl\u0131k M\u00fcd\u00fcrl\u00fc\u011f\u00fc Halk Sa\u011fl\u0131\u011f\u0131 Hizmetleri Ba\u015fkan Yard\u0131mc\u0131s\u0131 Uzm. Dr. \u00dcmit Atman, kamu kurumlar\u0131n\u0131n ildeki temsilcileri, yerel y\u00f6netim temsilcileri, sivil toplum kurulu\u015flar\u0131 temsilcileri, g\u00f6n\u00fcll\u00fcler, ya\u015fl\u0131l\u0131k alan\u0131ndaki meslek gruplar\u0131 kat\u0131ld\u0131.<br \/><\/p>\n","protected":false},"excerpt":{"rendered":"<p>MAN\u0130SA (\u0130HA) \u2013 Manisa Aile ve Sosyal Hizmetler \u0130l M\u00fcd\u00fcr\u00fc Mustafa K\u0131l\u0131\u00e7, ya\u015fl\u0131l\u0131k oranlar\u0131yla ilgili yapt\u0131\u011f\u0131 a\u00e7\u0131klamada, &#8220;Manisa yerelinde d\u00fc\u015f\u00fcnd\u00fc\u011f\u00fcm\u00fcz zaman 13,2 ya\u015fl\u0131l\u0131k oran\u0131yla m\u00fcthi\u015f bir h\u0131zla ya\u015fland\u0131\u011f\u0131m\u0131z\u0131 g\u00f6r\u00fcyoruz. T\u00fcrkiye ortalamas\u0131 da a\u015fa\u011f\u0131 yukar\u0131 3 puan \u00fcst\u00fcndeyiz&#8221; dedi. Manisa Aile ve Sosyal Hizmetler \u0130l M\u00fcd\u00fcrl\u00fc\u011f\u00fc \u00f6nc\u00fcl\u00fc\u011f\u00fcnde II. Ya\u015fl\u0131l\u0131k \u015euras\u0131 kapsam\u0131nda, toplumsal haf\u0131zan\u0131n ta\u015f\u0131y\u0131c\u0131s\u0131 olan ya\u015fl\u0131&#8230;<\/p>\n","protected":false},"author":1,"featured_media":48850,"comment_status":"open","ping_status":"open","sticky":false,"template":"","format":"standard","meta":{"_crdt_document":"","footnotes":""},"categories":[123],"tags":[],"class_list":["post-48849","post","type-post","status-publish","format-standard","has-post-thumbnail","hentry","category-gundem"],"_links":{"self":[{"href":"https:\/\/www.egemtv.com\/index.php?rest_route=\/wp\/v2\/posts\/48849","targetHints":{"allow":["GET"]}}],"collection":[{"href":"https:\/\/www.egemtv.com\/index.php?rest_route=\/wp\/v2\/posts"}],"about":[{"href":"https:\/\/www.egemtv.com\/index.php?rest_route=\/wp\/v2\/types\/post"}],"author":[{"embeddable":true,"href":"https:\/\/www.egemtv.com\/index.php?rest_route=\/wp\/v2\/users\/1"}],"replies":[{"embeddable":true,"href":"https:\/\/www.egemtv.com\/index.php?rest_route=%2Fwp%2Fv2%2Fcomments&post=48849"}],"version-history":[{"count":1,"href":"https:\/\/www.egemtv.com\/index.php?rest_route=\/wp\/v2\/posts\/48849\/revisions"}],"predecessor-version":[{"id":48851,"href":"https:\/\/www.egemtv.com\/index.php?rest_route=\/wp\/v2\/posts\/48849\/revisions\/48851"}],"wp:featuredmedia":[{"embeddable":true,"href":"https:\/\/www.egemtv.com\/index.php?rest_route=\/wp\/v2\/media\/48850"}],"wp:attachment":[{"href":"https:\/\/www.egemtv.com\/index.php?rest_route=%2Fwp%2Fv2%2Fmedia&parent=48849"}],"wp:term":[{"taxonomy":"category","embeddable":true,"href":"https:\/\/www.egemtv.com\/index.php?rest_route=%2Fwp%2Fv2%2Fcategories&post=48849"},{"taxonomy":"post_tag","embeddable":true,"href":"https:\/\/www.egemtv.com\/index.php?rest_route=%2Fwp%2Fv2%2Ftags&post=48849"}],"curies":[{"name":"wp","href":"https:\/\/api.w.org\/{rel}","templated":true}]}}