{"id":48846,"date":"2025-08-14T16:55:06","date_gmt":"2025-08-14T13:55:06","guid":{"rendered":"https:\/\/www.egemtv.com\/?p=48846"},"modified":"2025-08-14T16:55:07","modified_gmt":"2025-08-14T13:55:07","slug":"ustalara-vefa-sahnesinin-bu-yil-onur-konugu-hakki-bulut-oldu","status":"publish","type":"post","link":"https:\/\/www.egemtv.com\/?p=48846","title":{"rendered":"\u2019Ustalara Vefa\u2019 Sahnesinin bu y\u0131l onur konu\u011fu Hakk\u0131 Bulut oldu"},"content":{"rendered":"<p>T\u00fcrkiye\u2019nin en b\u00fcy\u00fck gen\u00e7lik ve spor festivali NG Afyon MOTOFEST\u2019te \u2019Ustalara Vefa\u2019 sahnesinin 2025 y\u0131l\u0131 \u00f6zel konu\u011fu olan arabesk ve fantezi m\u00fczi\u011fin efsane ismi Hakk\u0131 Bulut konser verecek.<br \/>\n<br \/>T\u00fcrkiye\u2019nin en b\u00fcy\u00fck gen\u00e7lik ve spor festivali NG Afyon MOTOFEST, bu y\u0131l da motor sporlar\u0131n\u0131n heyecan\u0131n\u0131, m\u00fczi\u011fin b\u00fcy\u00fcs\u00fcyle birle\u015ftirerek unutulmaz anlara ev sahipli\u011fi yapmaya haz\u0131rlan\u0131yor. Adrenalin dolu yar\u0131\u015flar\u0131n, konserlerin ve e\u011flenceli etkinliklerin bulu\u015fma noktas\u0131 olan festival, her y\u0131l oldu\u011fu gibi bu y\u0131l da \u2019Ustalara Vefa\u2019 sahnesi ile m\u00fczik d\u00fcnyas\u0131n\u0131n unutulmaz isimlerini onurland\u0131rmaya devam ediyor. 2025 y\u0131l\u0131 \u2019Ustalara Vefa\u2019 sahnesinin \u00f6zel konu\u011funun ise arabesk ve fantezi m\u00fczi\u011fin efsane ismi Hakk\u0131 Bulut olaca\u011f\u0131 a\u00e7\u0131kland\u0131.<\/p>\n<p>Kat\u0131l\u0131mc\u0131lara e\u015fsiz bir festival deneyimi sunulmas\u0131 ama\u00e7lan\u0131yor<br \/>\n<br \/>Yar\u0131m asr\u0131 a\u015fan m\u00fczik kariyerinde unutulmaz eserleriyle g\u00f6n\u00fcllerde taht kuran sanat\u00e7\u0131, 6 Eyl\u00fcl Cumartesi NG Afyon MOTOFEST\u2019te motosiklet tutkunlar\u0131 ve m\u00fczikseverlere nostalji ve duygu dolu bir gece ya\u015fatacak. Arabesk ve fantezi m\u00fczi\u011fin kilometre ta\u015flar\u0131ndan biri olan sanat\u00e7\u0131, g\u00fc\u00e7l\u00fc sesi ve sahne performans\u0131yla NG Afyon MOTOFEST\u2019te adeta bir zamanda yolculuk ya\u015fatacak. Motor sporlar\u0131n\u0131n heyecan\u0131n\u0131 m\u00fczi\u011fin b\u00fcy\u00fcs\u00fcyle harmanlayan NG Afyon MOTOFEST, 2025\u2019te de binlerce kat\u0131l\u0131mc\u0131y\u0131 bir araya getirerek, hem sporseverlere hem de m\u00fczik tutkunlar\u0131na e\u015fsiz bir festival deneyimi sunmay\u0131 hedefliyor.<br \/><\/p>\n","protected":false},"excerpt":{"rendered":"<p>T\u00fcrkiye\u2019nin en b\u00fcy\u00fck gen\u00e7lik ve spor festivali NG Afyon MOTOFEST\u2019te \u2019Ustalara Vefa\u2019 sahnesinin 2025 y\u0131l\u0131 \u00f6zel konu\u011fu olan arabesk ve fantezi m\u00fczi\u011fin efsane ismi Hakk\u0131 Bulut konser verecek. T\u00fcrkiye\u2019nin en b\u00fcy\u00fck gen\u00e7lik ve spor festivali NG Afyon MOTOFEST, bu y\u0131l da motor sporlar\u0131n\u0131n heyecan\u0131n\u0131, m\u00fczi\u011fin b\u00fcy\u00fcs\u00fcyle birle\u015ftirerek unutulmaz anlara ev sahipli\u011fi yapmaya haz\u0131rlan\u0131yor. Adrenalin dolu&#8230;<\/p>\n","protected":false},"author":1,"featured_media":48847,"comment_status":"open","ping_status":"open","sticky":false,"template":"","format":"standard","meta":{"_crdt_document":"","footnotes":""},"categories":[1],"tags":[],"class_list":["post-48846","post","type-post","status-publish","format-standard","has-post-thumbnail","hentry","category-guncel"],"_links":{"self":[{"href":"https:\/\/www.egemtv.com\/index.php?rest_route=\/wp\/v2\/posts\/48846","targetHints":{"allow":["GET"]}}],"collection":[{"href":"https:\/\/www.egemtv.com\/index.php?rest_route=\/wp\/v2\/posts"}],"about":[{"href":"https:\/\/www.egemtv.com\/index.php?rest_route=\/wp\/v2\/types\/post"}],"author":[{"embeddable":true,"href":"https:\/\/www.egemtv.com\/index.php?rest_route=\/wp\/v2\/users\/1"}],"replies":[{"embeddable":true,"href":"https:\/\/www.egemtv.com\/index.php?rest_route=%2Fwp%2Fv2%2Fcomments&post=48846"}],"version-history":[{"count":1,"href":"https:\/\/www.egemtv.com\/index.php?rest_route=\/wp\/v2\/posts\/48846\/revisions"}],"predecessor-version":[{"id":48848,"href":"https:\/\/www.egemtv.com\/index.php?rest_route=\/wp\/v2\/posts\/48846\/revisions\/48848"}],"wp:featuredmedia":[{"embeddable":true,"href":"https:\/\/www.egemtv.com\/index.php?rest_route=\/wp\/v2\/media\/48847"}],"wp:attachment":[{"href":"https:\/\/www.egemtv.com\/index.php?rest_route=%2Fwp%2Fv2%2Fmedia&parent=48846"}],"wp:term":[{"taxonomy":"category","embeddable":true,"href":"https:\/\/www.egemtv.com\/index.php?rest_route=%2Fwp%2Fv2%2Fcategories&post=48846"},{"taxonomy":"post_tag","embeddable":true,"href":"https:\/\/www.egemtv.com\/index.php?rest_route=%2Fwp%2Fv2%2Ftags&post=48846"}],"curies":[{"name":"wp","href":"https:\/\/api.w.org\/{rel}","templated":true}]}}