{"id":48843,"date":"2025-08-14T16:55:05","date_gmt":"2025-08-14T13:55:05","guid":{"rendered":"https:\/\/www.egemtv.com\/?p=48843"},"modified":"2025-08-14T16:55:06","modified_gmt":"2025-08-14T13:55:06","slug":"eber-golunden-dumanlar-yukseldi","status":"publish","type":"post","link":"https:\/\/www.egemtv.com\/?p=48843","title":{"rendered":"Eber G\u00f6l\u00fc\u2019nden dumanlar y\u00fckseldi"},"content":{"rendered":"<p>Afyonkarahisar\u2019da bulunan Eber G\u00f6l\u00fc\u2019n\u00fcn \u00e7evresindeki otluk arazide \u00e7\u0131kan yang\u0131na m\u00fcdahale ediliyor.<br \/>\n<br \/>Bolvadin il\u00e7esinde bulunan Eber G\u00f6l\u00fc\u2019n\u00fcn \u00e7evresinde hen\u00fcz bilinmeyen sebeple yang\u0131n \u00e7\u0131kt\u0131. Y\u00fckselen dumanlar\u0131 fark eden vatanda\u015flar durumu 112 Acil Servis\u2019e bildirdi. \u0130hbar \u00fczerine b\u00f6lgeye itfaiye ekipleri sevk edildi. Dron ile havadan g\u00f6r\u00fcnt\u00fclenen yang\u0131n\u0131n s\u00f6nd\u00fcr\u00fclmesinin ard\u0131ndan yap\u0131lacak hasar tespit \u00e7al\u0131\u015fmas\u0131 ile b\u00f6lgenin alan\u0131 belirlenecek.<br \/><\/p>\n","protected":false},"excerpt":{"rendered":"<p>Afyonkarahisar\u2019da bulunan Eber G\u00f6l\u00fc\u2019n\u00fcn \u00e7evresindeki otluk arazide \u00e7\u0131kan yang\u0131na m\u00fcdahale ediliyor. Bolvadin il\u00e7esinde bulunan Eber G\u00f6l\u00fc\u2019n\u00fcn \u00e7evresinde hen\u00fcz bilinmeyen sebeple yang\u0131n \u00e7\u0131kt\u0131. Y\u00fckselen dumanlar\u0131 fark eden vatanda\u015flar durumu 112 Acil Servis\u2019e bildirdi. \u0130hbar \u00fczerine b\u00f6lgeye itfaiye ekipleri sevk edildi. Dron ile havadan g\u00f6r\u00fcnt\u00fclenen yang\u0131n\u0131n s\u00f6nd\u00fcr\u00fclmesinin ard\u0131ndan yap\u0131lacak hasar tespit \u00e7al\u0131\u015fmas\u0131 ile b\u00f6lgenin alan\u0131 belirlenecek.<\/p>\n","protected":false},"author":1,"featured_media":48844,"comment_status":"open","ping_status":"open","sticky":false,"template":"","format":"standard","meta":{"_crdt_document":"","footnotes":""},"categories":[5],"tags":[],"class_list":["post-48843","post","type-post","status-publish","format-standard","has-post-thumbnail","hentry","category-asayis"],"_links":{"self":[{"href":"https:\/\/www.egemtv.com\/index.php?rest_route=\/wp\/v2\/posts\/48843","targetHints":{"allow":["GET"]}}],"collection":[{"href":"https:\/\/www.egemtv.com\/index.php?rest_route=\/wp\/v2\/posts"}],"about":[{"href":"https:\/\/www.egemtv.com\/index.php?rest_route=\/wp\/v2\/types\/post"}],"author":[{"embeddable":true,"href":"https:\/\/www.egemtv.com\/index.php?rest_route=\/wp\/v2\/users\/1"}],"replies":[{"embeddable":true,"href":"https:\/\/www.egemtv.com\/index.php?rest_route=%2Fwp%2Fv2%2Fcomments&post=48843"}],"version-history":[{"count":1,"href":"https:\/\/www.egemtv.com\/index.php?rest_route=\/wp\/v2\/posts\/48843\/revisions"}],"predecessor-version":[{"id":48845,"href":"https:\/\/www.egemtv.com\/index.php?rest_route=\/wp\/v2\/posts\/48843\/revisions\/48845"}],"wp:featuredmedia":[{"embeddable":true,"href":"https:\/\/www.egemtv.com\/index.php?rest_route=\/wp\/v2\/media\/48844"}],"wp:attachment":[{"href":"https:\/\/www.egemtv.com\/index.php?rest_route=%2Fwp%2Fv2%2Fmedia&parent=48843"}],"wp:term":[{"taxonomy":"category","embeddable":true,"href":"https:\/\/www.egemtv.com\/index.php?rest_route=%2Fwp%2Fv2%2Fcategories&post=48843"},{"taxonomy":"post_tag","embeddable":true,"href":"https:\/\/www.egemtv.com\/index.php?rest_route=%2Fwp%2Fv2%2Ftags&post=48843"}],"curies":[{"name":"wp","href":"https:\/\/api.w.org\/{rel}","templated":true}]}}