{"id":48840,"date":"2025-08-14T16:35:44","date_gmt":"2025-08-14T13:35:44","guid":{"rendered":"https:\/\/www.egemtv.com\/?p=48840"},"modified":"2025-08-14T16:35:44","modified_gmt":"2025-08-14T13:35:44","slug":"kusadasi-belediyesinden-su-kesintileri-icin-askiye-basvuru-cagrisi","status":"publish","type":"post","link":"https:\/\/www.egemtv.com\/?p=48840","title":{"rendered":"Ku\u015fadas\u0131 Belediyesi\u2019nden su kesintileri i\u00e7in ASK\u0130\u2019ye ba\u015fvuru \u00e7a\u011fr\u0131s\u0131"},"content":{"rendered":"<p>Ku\u015fadas\u0131 Belediyesi\u2019ne son d\u00f6nemde kent sakinleri taraf\u0131ndan su ve kanalizasyon ile ilgili \u00e7ok say\u0131da \u015fikayet ula\u015ft\u0131\u011f\u0131n\u0131 belirterek, sorun ya\u015fayanlar\u0131n ASK\u0130\u2019ye ba\u015fvuru yapmas\u0131n\u0131 istedi.<br \/>\n<br \/>\u015eebeke suyu ve kanalizasyonlar\u0131n B\u00fcy\u00fck\u015fehir Belediyesi\u2019nin sorumlulu\u011funda oldu\u011funu vurgulayan belediye yetkilileri taraf\u0131ndan yap\u0131lan a\u00e7\u0131klamada &#8220;Belediyemize \u00e7ok say\u0131da su ve kanalizasyon ile ilgili \u015fikayet ve talepler gelmektedir.<br \/>\n<br \/>Su ve kanalizasyon hizmetleri Ayd\u0131n B\u00fcy\u00fck\u015fehir Belediyesi\u2019ne ba\u011fl\u0131 ASK\u0130 taraf\u0131ndan y\u00fcr\u00fct\u00fclmektedir. Hem\u015fehrilerimizin zaman kaybetmemesi ve ma\u011fduriyet ya\u015famamalar\u0131 i\u00e7in \u015fikayet ve taleplerini do\u011frudan ASK\u0130\u2019ye bildirmelerini \u00f6nemle hat\u0131rlat\u0131r\u0131z&#8221; denildi.<br \/><\/p>\n","protected":false},"excerpt":{"rendered":"<p>Ku\u015fadas\u0131 Belediyesi\u2019ne son d\u00f6nemde kent sakinleri taraf\u0131ndan su ve kanalizasyon ile ilgili \u00e7ok say\u0131da \u015fikayet ula\u015ft\u0131\u011f\u0131n\u0131 belirterek, sorun ya\u015fayanlar\u0131n ASK\u0130\u2019ye ba\u015fvuru yapmas\u0131n\u0131 istedi. \u015eebeke suyu ve kanalizasyonlar\u0131n B\u00fcy\u00fck\u015fehir Belediyesi\u2019nin sorumlulu\u011funda oldu\u011funu vurgulayan belediye yetkilileri taraf\u0131ndan yap\u0131lan a\u00e7\u0131klamada &#8220;Belediyemize \u00e7ok say\u0131da su ve kanalizasyon ile ilgili \u015fikayet ve talepler gelmektedir. Su ve kanalizasyon hizmetleri Ayd\u0131n B\u00fcy\u00fck\u015fehir&#8230;<\/p>\n","protected":false},"author":1,"featured_media":48841,"comment_status":"open","ping_status":"open","sticky":false,"template":"","format":"standard","meta":{"_crdt_document":"","footnotes":""},"categories":[1],"tags":[],"class_list":["post-48840","post","type-post","status-publish","format-standard","has-post-thumbnail","hentry","category-guncel"],"_links":{"self":[{"href":"https:\/\/www.egemtv.com\/index.php?rest_route=\/wp\/v2\/posts\/48840","targetHints":{"allow":["GET"]}}],"collection":[{"href":"https:\/\/www.egemtv.com\/index.php?rest_route=\/wp\/v2\/posts"}],"about":[{"href":"https:\/\/www.egemtv.com\/index.php?rest_route=\/wp\/v2\/types\/post"}],"author":[{"embeddable":true,"href":"https:\/\/www.egemtv.com\/index.php?rest_route=\/wp\/v2\/users\/1"}],"replies":[{"embeddable":true,"href":"https:\/\/www.egemtv.com\/index.php?rest_route=%2Fwp%2Fv2%2Fcomments&post=48840"}],"version-history":[{"count":1,"href":"https:\/\/www.egemtv.com\/index.php?rest_route=\/wp\/v2\/posts\/48840\/revisions"}],"predecessor-version":[{"id":48842,"href":"https:\/\/www.egemtv.com\/index.php?rest_route=\/wp\/v2\/posts\/48840\/revisions\/48842"}],"wp:featuredmedia":[{"embeddable":true,"href":"https:\/\/www.egemtv.com\/index.php?rest_route=\/wp\/v2\/media\/48841"}],"wp:attachment":[{"href":"https:\/\/www.egemtv.com\/index.php?rest_route=%2Fwp%2Fv2%2Fmedia&parent=48840"}],"wp:term":[{"taxonomy":"category","embeddable":true,"href":"https:\/\/www.egemtv.com\/index.php?rest_route=%2Fwp%2Fv2%2Fcategories&post=48840"},{"taxonomy":"post_tag","embeddable":true,"href":"https:\/\/www.egemtv.com\/index.php?rest_route=%2Fwp%2Fv2%2Ftags&post=48840"}],"curies":[{"name":"wp","href":"https:\/\/api.w.org\/{rel}","templated":true}]}}