{"id":48834,"date":"2025-08-14T16:35:42","date_gmt":"2025-08-14T13:35:42","guid":{"rendered":"https:\/\/www.egemtv.com\/?p=48834"},"modified":"2025-08-14T16:35:43","modified_gmt":"2025-08-14T13:35:43","slug":"simavda-yaz-kuran-kursu-ogrencilerine-ozel-etkinlik","status":"publish","type":"post","link":"https:\/\/www.egemtv.com\/?p=48834","title":{"rendered":"Simav\u2019da Yaz Kur\u2019an Kursu \u00f6\u011frencilerine \u00f6zel etkinlik"},"content":{"rendered":"<p>K\u00fctahya\u2019n\u0131n Simav il\u00e7esinde Yaz Kur\u2019an Kursu \u00f6\u011frencilerine y\u00f6nelik \u00f6zel bir etkinlik ger\u00e7ekle\u015ftirildi.<br \/>\n<br \/>Toplam 7 s\u0131n\u0131f\u0131n a\u00e7\u0131ld\u0131\u011f\u0131 ve Zafer Demircan, S\u00fcleyman D\u00fczg\u00fcn, Bahattin Ayg\u00fcn, Veysel Duru, Muhammet Selman Demir, Zeliha Alt\u0131nda\u011f ile Hatice Demircan\u2019\u0131n \u00f6\u011fretici olarak g\u00f6rev ald\u0131\u011f\u0131 Kapl\u0131ca Park\u0131\u2019nda Yaz Kur\u2019an Kursu program\u0131 d\u00fczenlendi. Programda, Yaz Kur\u2019an Kursu\u2019na 3 g\u00fcnden fazla devams\u0131zl\u0131\u011f\u0131 olmayan, 32 farz\u0131 ezberleyen ve Yasin-i \u015eerif\u2019in tamam\u0131n\u0131 ezberleyen \u00f6\u011frencilere \u00e7e\u015fitli hediyeler verildi. Din G\u00f6revlisi Zafer Demircan, programa kat\u0131l\u0131m sa\u011flayan \u0130l\u00e7e M\u00fcft\u00fcs\u00fc Hasan Ser\u00e7e\u2019ye, \u015eube M\u00fcd\u00fcr\u00fc Hakk\u0131 Bal\u0131\u2019ya, \u00f6\u011frencilere otob\u00fcs tahsis eden Belediye Ba\u015fkan\u0131 \u0130brahim Yavuz\u2019a, personeline, hay\u0131r sahiplerine ve Na\u015fa beldesindeki din g\u00f6revlilerine te\u015fekk\u00fcr etti.<br \/><\/p>\n","protected":false},"excerpt":{"rendered":"<p>K\u00fctahya\u2019n\u0131n Simav il\u00e7esinde Yaz Kur\u2019an Kursu \u00f6\u011frencilerine y\u00f6nelik \u00f6zel bir etkinlik ger\u00e7ekle\u015ftirildi. Toplam 7 s\u0131n\u0131f\u0131n a\u00e7\u0131ld\u0131\u011f\u0131 ve Zafer Demircan, S\u00fcleyman D\u00fczg\u00fcn, Bahattin Ayg\u00fcn, Veysel Duru, Muhammet Selman Demir, Zeliha Alt\u0131nda\u011f ile Hatice Demircan\u2019\u0131n \u00f6\u011fretici olarak g\u00f6rev ald\u0131\u011f\u0131 Kapl\u0131ca Park\u0131\u2019nda Yaz Kur\u2019an Kursu program\u0131 d\u00fczenlendi. Programda, Yaz Kur\u2019an Kursu\u2019na 3 g\u00fcnden fazla devams\u0131zl\u0131\u011f\u0131 olmayan, 32 farz\u0131&#8230;<\/p>\n","protected":false},"author":1,"featured_media":48835,"comment_status":"open","ping_status":"open","sticky":false,"template":"","format":"standard","meta":{"_crdt_document":"","footnotes":""},"categories":[1],"tags":[],"class_list":["post-48834","post","type-post","status-publish","format-standard","has-post-thumbnail","hentry","category-guncel"],"_links":{"self":[{"href":"https:\/\/www.egemtv.com\/index.php?rest_route=\/wp\/v2\/posts\/48834","targetHints":{"allow":["GET"]}}],"collection":[{"href":"https:\/\/www.egemtv.com\/index.php?rest_route=\/wp\/v2\/posts"}],"about":[{"href":"https:\/\/www.egemtv.com\/index.php?rest_route=\/wp\/v2\/types\/post"}],"author":[{"embeddable":true,"href":"https:\/\/www.egemtv.com\/index.php?rest_route=\/wp\/v2\/users\/1"}],"replies":[{"embeddable":true,"href":"https:\/\/www.egemtv.com\/index.php?rest_route=%2Fwp%2Fv2%2Fcomments&post=48834"}],"version-history":[{"count":1,"href":"https:\/\/www.egemtv.com\/index.php?rest_route=\/wp\/v2\/posts\/48834\/revisions"}],"predecessor-version":[{"id":48836,"href":"https:\/\/www.egemtv.com\/index.php?rest_route=\/wp\/v2\/posts\/48834\/revisions\/48836"}],"wp:featuredmedia":[{"embeddable":true,"href":"https:\/\/www.egemtv.com\/index.php?rest_route=\/wp\/v2\/media\/48835"}],"wp:attachment":[{"href":"https:\/\/www.egemtv.com\/index.php?rest_route=%2Fwp%2Fv2%2Fmedia&parent=48834"}],"wp:term":[{"taxonomy":"category","embeddable":true,"href":"https:\/\/www.egemtv.com\/index.php?rest_route=%2Fwp%2Fv2%2Fcategories&post=48834"},{"taxonomy":"post_tag","embeddable":true,"href":"https:\/\/www.egemtv.com\/index.php?rest_route=%2Fwp%2Fv2%2Ftags&post=48834"}],"curies":[{"name":"wp","href":"https:\/\/api.w.org\/{rel}","templated":true}]}}