{"id":48831,"date":"2025-08-14T16:35:41","date_gmt":"2025-08-14T13:35:41","guid":{"rendered":"https:\/\/www.egemtv.com\/?p=48831"},"modified":"2025-08-14T16:35:42","modified_gmt":"2025-08-14T13:35:42","slug":"mugla-buyuksehir-belediyesi-ile-hatay-defne-belediyesi-kardes-sehir-oldu","status":"publish","type":"post","link":"https:\/\/www.egemtv.com\/?p=48831","title":{"rendered":"Mu\u011fla B\u00fcy\u00fck\u015fehir Belediyesi ile Hatay Defne Belediyesi karde\u015f \u015fehir oldu"},"content":{"rendered":"<p>Mu\u011fla B\u00fcy\u00fck\u015fehir Belediye Ba\u015fkan\u0131 Ahmet Aras, Bodrum Belediye Ba\u015fkanl\u0131\u011f\u0131 d\u00f6neminde Hatay\u2019\u0131n Arsuz il\u00e7esinde &#8220;Dostluk Kenti&#8221;nin kurulmas\u0131na \u00f6nc\u00fcl\u00fck etmi\u015fti. Aras, bu kez Hatay\u2019a ba\u011fl\u0131 Defne Belediyesi ile karde\u015f \u015fehir protokol\u00fc imzalad\u0131.<br \/>\n<br \/>Protokol t\u00f6reni, T\u00fcrkan Saylan \u00c7a\u011fda\u015f Ya\u015fam Merkezi\u2019nde, A\u011fustos ay\u0131 ola\u011fan meclis toplant\u0131s\u0131 kapsam\u0131nda ger\u00e7ekle\u015ftirildi. T\u00f6rene Mu\u011fla B\u00fcy\u00fck\u015fehir Belediye Ba\u015fkan\u0131 Ahmet Aras, Defne Belediye Ba\u015fkan\u0131 Halil \u0130brahim \u00d6zg\u00fcn, belediye meclis \u00fcyeleri, b\u00fcrokratlar ve bas\u0131n mensuplar\u0131 kat\u0131ld\u0131.<br \/>\n<br \/>&#8220;Karde\u015flik k\u00f6pr\u00fclerini g\u00fc\u00e7lendiriyoruz&#8221;<br \/>\n<br \/>T\u00f6rende konu\u015fan Ba\u015fkan Ahmet Aras, Defne\u2019nin 6 \u015eubat depremlerinde en a\u011f\u0131r y\u0131k\u0131m\u0131 ya\u015fayan il\u00e7elerden biri oldu\u011funu hat\u0131rlatarak, deprem sonras\u0131 b\u00f6lgeye yap\u0131lan yard\u0131mlara de\u011findi. Aras, &#8220;O d\u00f6nemde Bodrum Belediye Ba\u015fkan\u0131 olarak deprem b\u00f6lgesine gitmi\u015f, \u0130skenderun-Arsuz b\u00f6lgesinde \u00e7al\u0131\u015fmalar y\u00fcr\u00fctm\u00fc\u015ft\u00fck. Mu\u011fla olarak t\u00fcm imkanlar\u0131m\u0131z\u0131 depremden etkilenen kentlerle payla\u015ft\u0131k. Konteyner kentler, seyyar mutfaklar kurduk, doktorlar\u0131m\u0131z g\u00f6rev yapt\u0131, g\u00f6n\u00fcll\u00fclerimiz seferber oldu&#8221; dedi.<br \/>\n<br \/>Defne ile Mu\u011fla aras\u0131ndaki k\u00fclt\u00fcrel ba\u011flara vurgu yapan Aras, &#8220;\u0130ki kent de Akdeniz\u2019in s\u0131cak ikliminde yo\u011frulmu\u015f, ho\u015fg\u00f6r\u00fcl\u00fc, \u00e7ok k\u00fclt\u00fcrl\u00fc yap\u0131ya sahip. Bug\u00fcn imzalad\u0131\u011f\u0131m\u0131z protokol, dostlu\u011fumuzu peki\u015ftirecek ve sosyal, k\u00fclt\u00fcrel i\u015f birliklerimize yeni ufuklar a\u00e7acakt\u0131r&#8221; ifadelerini kulland\u0131.<br \/>\n<br \/>&#8220;Hatay benim \u015fahsi meselem&#8221;<br \/>\n<br \/>Defne Belediye Ba\u015fkan\u0131 Halil \u0130brahim \u00d6zg\u00fcn ise konu\u015fmas\u0131nda deprem sonras\u0131 ya\u015fanan y\u0131k\u0131m\u0131 anlatarak, &#8220;Defne, Antakya ile birlikte en b\u00fcy\u00fck can ve mal kayb\u0131n\u0131 ya\u015fayan merkez oldu. Hala yard\u0131ma ve dayan\u0131\u015fmaya ihtiyac\u0131m\u0131z var. Say\u0131n Ahmet Aras\u2019\u0131n, Bodrum Belediye Ba\u015fkan\u0131 iken ve sonras\u0131nda g\u00f6sterdi\u011fi ilgi ve deste\u011fi unutmayaca\u011f\u0131z&#8221; dedi.<br \/>\n<br \/>\u00d6zg\u00fcn, protokol kapsam\u0131nda Defne\u2019nin Harbiye Mahallesi\u2019nde yer alan ve depremde zarar g\u00f6ren Atat\u00fcrk History Park\u2019\u0131n yeniden yap\u0131laca\u011f\u0131n\u0131 belirtti.<br \/>\n<br \/>&#8220;Bu protokol, yaln\u0131zca bir imar \u00e7al\u0131\u015fmas\u0131 de\u011fil, ayn\u0131 zamanda stratejik bir ad\u0131m. Deprem sonras\u0131 farkl\u0131 illere g\u00f6\u00e7 eden Hatayl\u0131lar\u0131n memleketlerine d\u00f6nmeleri i\u00e7in bir umut olacakt\u0131r&#8221; diyen \u00d6zg\u00fcn, Mu\u011fla halk\u0131n\u0131n misafirperverli\u011fine te\u015fekk\u00fcr ederek, Defne\u2019de yap\u0131lacak a\u00e7\u0131l\u0131\u015flarda Mu\u011fla heyetini a\u011f\u0131rlamaktan onur duyacaklar\u0131n\u0131 s\u00f6yledi.<br \/>\n<br \/>T\u00f6renin ard\u0131ndan Mu\u011fla B\u00fcy\u00fck\u015fehir Belediyesi ile Defne Belediyesi aras\u0131nda karde\u015f \u015fehir protokol\u00fc imzaland\u0131.<br \/><\/p>\n","protected":false},"excerpt":{"rendered":"<p>Mu\u011fla B\u00fcy\u00fck\u015fehir Belediye Ba\u015fkan\u0131 Ahmet Aras, Bodrum Belediye Ba\u015fkanl\u0131\u011f\u0131 d\u00f6neminde Hatay\u2019\u0131n Arsuz il\u00e7esinde &#8220;Dostluk Kenti&#8221;nin kurulmas\u0131na \u00f6nc\u00fcl\u00fck etmi\u015fti. Aras, bu kez Hatay\u2019a ba\u011fl\u0131 Defne Belediyesi ile karde\u015f \u015fehir protokol\u00fc imzalad\u0131. Protokol t\u00f6reni, T\u00fcrkan Saylan \u00c7a\u011fda\u015f Ya\u015fam Merkezi\u2019nde, A\u011fustos ay\u0131 ola\u011fan meclis toplant\u0131s\u0131 kapsam\u0131nda ger\u00e7ekle\u015ftirildi. T\u00f6rene Mu\u011fla B\u00fcy\u00fck\u015fehir Belediye Ba\u015fkan\u0131 Ahmet Aras, Defne Belediye Ba\u015fkan\u0131 Halil&#8230;<\/p>\n","protected":false},"author":1,"featured_media":48832,"comment_status":"open","ping_status":"open","sticky":false,"template":"","format":"standard","meta":{"_crdt_document":"","footnotes":""},"categories":[1],"tags":[],"class_list":["post-48831","post","type-post","status-publish","format-standard","has-post-thumbnail","hentry","category-guncel"],"_links":{"self":[{"href":"https:\/\/www.egemtv.com\/index.php?rest_route=\/wp\/v2\/posts\/48831","targetHints":{"allow":["GET"]}}],"collection":[{"href":"https:\/\/www.egemtv.com\/index.php?rest_route=\/wp\/v2\/posts"}],"about":[{"href":"https:\/\/www.egemtv.com\/index.php?rest_route=\/wp\/v2\/types\/post"}],"author":[{"embeddable":true,"href":"https:\/\/www.egemtv.com\/index.php?rest_route=\/wp\/v2\/users\/1"}],"replies":[{"embeddable":true,"href":"https:\/\/www.egemtv.com\/index.php?rest_route=%2Fwp%2Fv2%2Fcomments&post=48831"}],"version-history":[{"count":1,"href":"https:\/\/www.egemtv.com\/index.php?rest_route=\/wp\/v2\/posts\/48831\/revisions"}],"predecessor-version":[{"id":48833,"href":"https:\/\/www.egemtv.com\/index.php?rest_route=\/wp\/v2\/posts\/48831\/revisions\/48833"}],"wp:featuredmedia":[{"embeddable":true,"href":"https:\/\/www.egemtv.com\/index.php?rest_route=\/wp\/v2\/media\/48832"}],"wp:attachment":[{"href":"https:\/\/www.egemtv.com\/index.php?rest_route=%2Fwp%2Fv2%2Fmedia&parent=48831"}],"wp:term":[{"taxonomy":"category","embeddable":true,"href":"https:\/\/www.egemtv.com\/index.php?rest_route=%2Fwp%2Fv2%2Fcategories&post=48831"},{"taxonomy":"post_tag","embeddable":true,"href":"https:\/\/www.egemtv.com\/index.php?rest_route=%2Fwp%2Fv2%2Ftags&post=48831"}],"curies":[{"name":"wp","href":"https:\/\/api.w.org\/{rel}","templated":true}]}}