{"id":48734,"date":"2025-08-14T13:15:04","date_gmt":"2025-08-14T10:15:04","guid":{"rendered":"https:\/\/www.egemtv.com\/?p=48734"},"modified":"2025-08-14T13:15:05","modified_gmt":"2025-08-14T10:15:05","slug":"simavda-yaz-kuran-kursu-kapanis-programi-2","status":"publish","type":"post","link":"https:\/\/www.egemtv.com\/?p=48734","title":{"rendered":"Simav\u2019da Yaz Kur\u2019an Kursu kapan\u0131\u015f program\u0131"},"content":{"rendered":"<p>K\u00fctahya\u2019n\u0131n Simav il\u00e7esinde Diyanet Gen\u00e7lik Merkezi Yaz Kur\u2019an Kursu kapan\u0131\u015f program\u0131 d\u00fczenlendi.<br \/>\n<br \/>Garaj Camii\u2019nde d\u00fczenlenen programa, \u0130l\u00e7e M\u00fcft\u00fcs\u00fc Hasan Ser\u00e7e, Vaiz Feyzullah Sat\u0131lm\u0131\u015f konu\u015fmac\u0131 olarak kat\u0131ld\u0131. Velilerin ve halk\u0131n yo\u011fun ilgi g\u00f6sterdi\u011fi programda \u00f6\u011frenciler Kur\u2019an-\u0131 Kerim okuyup ilahiler s\u00f6yledi, haz\u0131rlad\u0131klar\u0131 etkinlikleri sundu. \u00c7ekilen kura ile 8 veliye kitap hediye edildi. Program pasta kesimi, \u00f6\u011frencilere ve kat\u0131l\u0131mc\u0131lara kesilen pastan\u0131n, pilav ayran ve pamuk \u015fekerin ikram\u0131 ile sona erdi.<br \/><\/p>\n","protected":false},"excerpt":{"rendered":"<p>K\u00fctahya\u2019n\u0131n Simav il\u00e7esinde Diyanet Gen\u00e7lik Merkezi Yaz Kur\u2019an Kursu kapan\u0131\u015f program\u0131 d\u00fczenlendi. Garaj Camii\u2019nde d\u00fczenlenen programa, \u0130l\u00e7e M\u00fcft\u00fcs\u00fc Hasan Ser\u00e7e, Vaiz Feyzullah Sat\u0131lm\u0131\u015f konu\u015fmac\u0131 olarak kat\u0131ld\u0131. Velilerin ve halk\u0131n yo\u011fun ilgi g\u00f6sterdi\u011fi programda \u00f6\u011frenciler Kur\u2019an-\u0131 Kerim okuyup ilahiler s\u00f6yledi, haz\u0131rlad\u0131klar\u0131 etkinlikleri sundu. \u00c7ekilen kura ile 8 veliye kitap hediye edildi. Program pasta kesimi, \u00f6\u011frencilere ve&#8230;<\/p>\n","protected":false},"author":1,"featured_media":48735,"comment_status":"open","ping_status":"open","sticky":false,"template":"","format":"standard","meta":{"_crdt_document":"","footnotes":""},"categories":[1],"tags":[],"class_list":["post-48734","post","type-post","status-publish","format-standard","has-post-thumbnail","hentry","category-guncel"],"_links":{"self":[{"href":"https:\/\/www.egemtv.com\/index.php?rest_route=\/wp\/v2\/posts\/48734","targetHints":{"allow":["GET"]}}],"collection":[{"href":"https:\/\/www.egemtv.com\/index.php?rest_route=\/wp\/v2\/posts"}],"about":[{"href":"https:\/\/www.egemtv.com\/index.php?rest_route=\/wp\/v2\/types\/post"}],"author":[{"embeddable":true,"href":"https:\/\/www.egemtv.com\/index.php?rest_route=\/wp\/v2\/users\/1"}],"replies":[{"embeddable":true,"href":"https:\/\/www.egemtv.com\/index.php?rest_route=%2Fwp%2Fv2%2Fcomments&post=48734"}],"version-history":[{"count":1,"href":"https:\/\/www.egemtv.com\/index.php?rest_route=\/wp\/v2\/posts\/48734\/revisions"}],"predecessor-version":[{"id":48736,"href":"https:\/\/www.egemtv.com\/index.php?rest_route=\/wp\/v2\/posts\/48734\/revisions\/48736"}],"wp:featuredmedia":[{"embeddable":true,"href":"https:\/\/www.egemtv.com\/index.php?rest_route=\/wp\/v2\/media\/48735"}],"wp:attachment":[{"href":"https:\/\/www.egemtv.com\/index.php?rest_route=%2Fwp%2Fv2%2Fmedia&parent=48734"}],"wp:term":[{"taxonomy":"category","embeddable":true,"href":"https:\/\/www.egemtv.com\/index.php?rest_route=%2Fwp%2Fv2%2Fcategories&post=48734"},{"taxonomy":"post_tag","embeddable":true,"href":"https:\/\/www.egemtv.com\/index.php?rest_route=%2Fwp%2Fv2%2Ftags&post=48734"}],"curies":[{"name":"wp","href":"https:\/\/api.w.org\/{rel}","templated":true}]}}