{"id":48731,"date":"2025-08-14T13:15:03","date_gmt":"2025-08-14T10:15:03","guid":{"rendered":"https:\/\/www.egemtv.com\/?p=48731"},"modified":"2025-08-14T13:15:04","modified_gmt":"2025-08-14T10:15:04","slug":"osmanli-halk-kiyafetleri-ve-yasam-kulturu-cesme-kalesinde-sergileniyor","status":"publish","type":"post","link":"https:\/\/www.egemtv.com\/?p=48731","title":{"rendered":"Osmanl\u0131 halk k\u0131yafetleri ve ya\u015fam k\u00fclt\u00fcr\u00fc \u00c7e\u015fme Kalesi\u2019nde sergileniyor"},"content":{"rendered":"<p>Osmanl\u0131 halk k\u0131yafetleri, ya\u015fam objeleri ve k\u00fclt\u00fcrel miras\u0131n izleri, \u00c7e\u015fme Kalesi\u2019nde &#8220;Zaman\u0131n Tan\u0131klar\u0131&#8221; sergisiyle g\u00fcn y\u00fcz\u00fcne \u00e7\u0131kt\u0131. Osmanl\u0131 Devleti\u2019nin \u00e7ok uluslu ve \u00e7ok k\u00fclt\u00fcrl\u00fc yap\u0131s\u0131n\u0131 yans\u0131tan orijinal giysiler ve ya\u015fam e\u015fyalar\u0131, 13 A\u011fustos\u2019ta a\u00e7\u0131lan sergi ile sanatseverlerle bulu\u015ftu.<br \/>\n<br \/>Feyza Uluumay G\u00f6kalp Koleksiyonu, Nihal Keriman Erbay Koleksiyonu ve Sabiha Tansu\u011f Koleksiyonu\u2019ndan se\u00e7ilen par\u00e7alar, ziyaret\u00e7ilere adeta ge\u00e7mi\u015fe yolculuk yapt\u0131r\u0131yor. Etkinlikte, \u00c7e\u015fme M\u00fcze M\u00fcd\u00fcrl\u00fc\u011f\u00fc ev sahipli\u011finde, &#8220;Zaman T\u00fcneli&#8221; temas\u0131yla d\u00fczenlenen; Fethi Erbay\u2019\u0131n bask\u0131 resimleri ve Mutlu Erbay\u2019\u0131n &#8220;Ayasofya\u2019n\u0131n Haf\u0131zas\u0131&#8221; temal\u0131 ya\u011fl\u0131boya tablolar\u0131 da sergide yer al\u0131yor.<\/p>\n<p>&#8220;Babam\u0131n b\u0131rakt\u0131\u011f\u0131 miras\u0131 ya\u015fat\u0131yorum&#8221;<br \/>\n<br \/>Uluumay Vakf\u0131 y\u00f6neticisi Feyza Uluumay G\u00f6kalp, serginin odak noktas\u0131n\u0131n babas\u0131 merhum Esat Uluumay\u2019\u0131n 50 y\u0131l\u0131 a\u015fk\u0131n eme\u011fiyle olu\u015fturdu\u011fu ar\u015fiv oldu\u011funu vurgulayarak \u015fu ifadeleri kulland\u0131: &#8220;Bu koleksiyon, rahmetli babam\u0131n bana b\u0131rakt\u0131\u011f\u0131 bir miras. Yakla\u015f\u0131k 61 par\u00e7adan olu\u015fan bir b\u00f6l\u00fcm\u00fcn\u00fc buraya getirdik. Hem bu miras\u0131 korumak hem de gelece\u011fe ta\u015f\u0131mak i\u00e7in \u00e7al\u0131\u015f\u0131yorum. Babam\u0131n dostu Sabiha Tansu\u011f\u2019un koleksiyonu da sergide yer al\u0131yor. E\u015fyalar\u0131 Bademler Sanat K\u00f6y\u00fc\u2019nden buraya getirdik. Ayr\u0131ca Prof. Dr. Fethiye Erbay ve Mutlu Erbay da koleksiyonlar\u0131yla bize e\u015flik ediyor. Onlar\u0131n rahmetli anneleri Keriman Han\u0131m\u2019\u0131n eserleri de sergide. D\u00f6rt koleksiyon bir araya gelerek \u00c7e\u015fme\u2019de bu \u00f6zel sergiyi olu\u015fturduk. Amac\u0131m\u0131z, ziyaret\u00e7ileri zaman i\u00e7inde bir yolculu\u011fa \u00e7\u0131karmak. Koleksiyonlar\u0131m\u0131z bir arada ya\u015fama k\u00fclt\u00fcr\u00fcn\u00fc yaymay\u0131 hedefliyor. Farkl\u0131 dinlerden ve k\u00f6kenlerden insanlar\u0131n birlikte nas\u0131l uyumlu ya\u015fad\u0131\u011f\u0131n\u0131 g\u00f6stermek istiyoruz. Bu sergiyi bir ba\u015flang\u0131\u00e7 olarak g\u00f6r\u00fcyoruz; ileride daha b\u00fcy\u00fck sergiler, hatta bir m\u00fcze a\u00e7mak istiyoruz.&#8221;<\/p>\n<p>&#8220;Eserlerde \u00e7ocuklu\u011fumu g\u00f6rd\u00fcm&#8221;<br \/>\n<br \/>A\u00e7\u0131l\u0131\u015fa kat\u0131lan, eski Milletvekili, Devlet Bakan\u0131 ve Meclis Ba\u015fkan\u0131 Mehmet Gazio\u011flu ise sergiye dair izlenimlerini \u015fu s\u00f6zlerle payla\u015ft\u0131: &#8220;Sanat\u00e7\u0131lara her zaman hayranl\u0131k duymu\u015fumdur. Kendimde eksiklik olarak g\u00f6rd\u00fc\u011f\u00fcm \u015fey sanata yetene\u011fim olmamas\u0131. Ama eserleri g\u00f6rd\u00fc\u011f\u00fcmde o eksiklik kapan\u0131yor. Bug\u00fcnk\u00fc serginin sahibi, koleksiyonunu y\u0131llarca emek vererek olu\u015fturmu\u015f. Bursa\u2019da K\u0131l\u0131\u00e7 Kalkan Oyunu\u2019nun da kurucusudur. Eserlerde, memleketim olan Bursa Uluda\u011f y\u00f6resine ait par\u00e7alar var. Karake\u00e7ili k\u00f6kenliyim. Eskiden bize \u2018Da\u011fl\u0131\u2019 derlerdi, bu biraz a\u015fa\u011f\u0131lay\u0131c\u0131 bir ifade olurdu. Ama \u00e7al\u0131\u015fkanl\u0131\u011f\u0131m\u0131z ve d\u00fcr\u00fcstl\u00fc\u011f\u00fcm\u00fcz sayesinde gurur duyulacak bir unvan haline geldi. Buradaki k\u0131yafetlerde ve objelerde \u00e7ocuklu\u011fumun \u00f6rf ve adetlerini g\u00f6rd\u00fcm, \u00e7ok duyguland\u0131m.&#8221;<\/p>\n<p>&#8220;1.751 par\u00e7al\u0131k koleksiyonun k\u00fc\u00e7\u00fck bir k\u0131sm\u0131 burada&#8221;<br \/>\n<br \/>Bademler Sanat K\u00f6y\u00fc Genel M\u00fcd\u00fcr\u00fc Nisa Baran da serginin koleksiyon \u00e7e\u015fitlili\u011fine dikkat \u00e7ekerek \u015f\u00f6yle konu\u015ftu: &#8220;\u00c7e\u015fme Kalesi\u2019nde hem hamam hem kahve koleksiyonlar\u0131m\u0131zdan par\u00e7alar yer al\u0131yor. Urla Bademler K\u00f6y\u00fc\u2019ndeki Sabiha Tansu\u011f M\u00fczesi\u2019nin ve Bursa\u2019dan Uluumay M\u00fczesi\u2019nin 1.751 par\u00e7al\u0131k koleksiyonunun k\u00fc\u00e7\u00fck bir k\u0131sm\u0131n\u0131 buraya getirdik. Bursa\u2019daki Nagatl\u0131 M\u00fczesi\u2019nden eserler ve Nihal Keriman Erbay\u2019\u0131n koleksiyonu da sergileniyor. 13 Eyl\u00fcl\u2019e kadar ziyaret\u00e7ileri bekliyoruz. Ayr\u0131ca Fahrettinpa\u015fa Mahallesi k\u00fct\u00fcphanesine, Dr. Musa Baran\u2019\u0131n eserlerini ve do\u011fa \u00fczerine \u00e7al\u0131\u015fmalar\u0131n\u0131 ba\u011f\u0131\u015fl\u0131yoruz.&#8221;<\/p>\n<p>&#8220;Kad\u0131n eme\u011fiyle k\u00fclt\u00fcrel miras\u0131 modern tasar\u0131ma ta\u015f\u0131d\u0131k&#8221;<br \/>\n<br \/>\u00c7e\u015fme Tar\u0131msal Kalk\u0131nma Kooperatifi Ba\u015fkan\u0131 Ye\u015fim Y\u00fcksel ise sergide yer alan el i\u015fi eserleri anlatarak, &#8220;B\u00f6lgenin e\u015fsiz \u00e7i\u00e7ek ve tar\u0131m desenlerini i\u011fne oyas\u0131yla modern tasar\u0131mlara d\u00f6n\u00fc\u015ft\u00fcrd\u00fck. Ala\u00e7at\u0131 begonvili, \u00c7e\u015fme hurma zeytini, sak\u0131z\u0131, limonu, kuzusu ve biberinden esinlenen kolye, bro\u015f ve tak\u0131lar\u0131m\u0131z b\u00fcy\u00fck ilgi g\u00f6rd\u00fc. Bu projede deprem b\u00f6lgesindeki kad\u0131n \u00fcreticiler ile \u00c7e\u015fme\u2019deki kad\u0131nlar el ele verdi. Ortaya \u00e7\u0131kan her par\u00e7a dayan\u0131\u015fman\u0131n simgesi oldu. \u00c7e\u015fme Sak\u0131z Bro\u015fu ve Ala\u00e7at\u0131 Begonvil Bro\u015f \u00f6ne \u00e7\u0131kan eserlerimizden. Bu t\u00fcr \u00e7al\u0131\u015fmalar hem kad\u0131n eme\u011fini g\u00f6r\u00fcn\u00fcr k\u0131l\u0131yor hem de k\u00fclt\u00fcrel miras\u0131 ya\u015fat\u0131yor&#8221; dedi.<br \/>\n<br \/>Sergi, 13 Eyl\u00fcl\u2019e kadar \u00c7e\u015fme Kalesi\u2019nde g\u00f6r\u00fclebilecek.<br \/><\/p>\n","protected":false},"excerpt":{"rendered":"<p>Osmanl\u0131 halk k\u0131yafetleri, ya\u015fam objeleri ve k\u00fclt\u00fcrel miras\u0131n izleri, \u00c7e\u015fme Kalesi\u2019nde &#8220;Zaman\u0131n Tan\u0131klar\u0131&#8221; sergisiyle g\u00fcn y\u00fcz\u00fcne \u00e7\u0131kt\u0131. Osmanl\u0131 Devleti\u2019nin \u00e7ok uluslu ve \u00e7ok k\u00fclt\u00fcrl\u00fc yap\u0131s\u0131n\u0131 yans\u0131tan orijinal giysiler ve ya\u015fam e\u015fyalar\u0131, 13 A\u011fustos\u2019ta a\u00e7\u0131lan sergi ile sanatseverlerle bulu\u015ftu. Feyza Uluumay G\u00f6kalp Koleksiyonu, Nihal Keriman Erbay Koleksiyonu ve Sabiha Tansu\u011f Koleksiyonu\u2019ndan se\u00e7ilen par\u00e7alar, ziyaret\u00e7ilere adeta ge\u00e7mi\u015fe&#8230;<\/p>\n","protected":false},"author":1,"featured_media":48732,"comment_status":"open","ping_status":"open","sticky":false,"template":"","format":"standard","meta":{"_crdt_document":"","footnotes":""},"categories":[1],"tags":[],"class_list":["post-48731","post","type-post","status-publish","format-standard","has-post-thumbnail","hentry","category-guncel"],"_links":{"self":[{"href":"https:\/\/www.egemtv.com\/index.php?rest_route=\/wp\/v2\/posts\/48731","targetHints":{"allow":["GET"]}}],"collection":[{"href":"https:\/\/www.egemtv.com\/index.php?rest_route=\/wp\/v2\/posts"}],"about":[{"href":"https:\/\/www.egemtv.com\/index.php?rest_route=\/wp\/v2\/types\/post"}],"author":[{"embeddable":true,"href":"https:\/\/www.egemtv.com\/index.php?rest_route=\/wp\/v2\/users\/1"}],"replies":[{"embeddable":true,"href":"https:\/\/www.egemtv.com\/index.php?rest_route=%2Fwp%2Fv2%2Fcomments&post=48731"}],"version-history":[{"count":1,"href":"https:\/\/www.egemtv.com\/index.php?rest_route=\/wp\/v2\/posts\/48731\/revisions"}],"predecessor-version":[{"id":48733,"href":"https:\/\/www.egemtv.com\/index.php?rest_route=\/wp\/v2\/posts\/48731\/revisions\/48733"}],"wp:featuredmedia":[{"embeddable":true,"href":"https:\/\/www.egemtv.com\/index.php?rest_route=\/wp\/v2\/media\/48732"}],"wp:attachment":[{"href":"https:\/\/www.egemtv.com\/index.php?rest_route=%2Fwp%2Fv2%2Fmedia&parent=48731"}],"wp:term":[{"taxonomy":"category","embeddable":true,"href":"https:\/\/www.egemtv.com\/index.php?rest_route=%2Fwp%2Fv2%2Fcategories&post=48731"},{"taxonomy":"post_tag","embeddable":true,"href":"https:\/\/www.egemtv.com\/index.php?rest_route=%2Fwp%2Fv2%2Ftags&post=48731"}],"curies":[{"name":"wp","href":"https:\/\/api.w.org\/{rel}","templated":true}]}}