{"id":48728,"date":"2025-08-14T13:15:02","date_gmt":"2025-08-14T10:15:02","guid":{"rendered":"https:\/\/www.egemtv.com\/?p=48728"},"modified":"2025-08-14T13:15:03","modified_gmt":"2025-08-14T10:15:03","slug":"ozel-uretim-sifir-ticari-taksi-ilk-kez-izmirde-trafige-cikacak","status":"publish","type":"post","link":"https:\/\/www.egemtv.com\/?p=48728","title":{"rendered":"\u00d6zel \u00fcretim s\u0131f\u0131r ticari taksi ilk kez \u0130zmir\u2019de trafi\u011fe \u00e7\u0131kacak"},"content":{"rendered":"<p>\u0130zmir \u015eof\u00f6rler ve Otomobilciler Esnaf Odas\u0131 ile Ermat Grubu i\u015f birli\u011fi kapsam\u0131nda, 1.3 motor hacmine sahip LPG\u2019li \u00f6zel \u00fcretim Renault Megane model ticari taksi, \u0130zmir\u2019de d\u00fczenlenen lansmanla tan\u0131t\u0131ld\u0131. \u0130lk sat\u0131\u015f\u0131n yap\u0131lmas\u0131yla birlikte ara\u00e7, T\u00fcrkiye\u2019de ilk kez \u0130zmir\u2019de trafi\u011fe \u00e7\u0131kacak.<br \/>\n<br \/>Ermat\u2019\u0131n Gaziemir\u2019deki bayisinde ger\u00e7ekle\u015ftirilen tan\u0131t\u0131m toplant\u0131s\u0131na, \u0130zmir \u015eof\u00f6rler ve Otomobilciler Esnaf Odas\u0131 Ba\u015fkan\u0131 Erkan \u00d6zkan, Ermat Y\u00f6netim Kurulu Ba\u015fkan\u0131 Ali \u00d6zerin\u00e7, Sat\u0131\u015f Direkt\u00f6r\u00fc Orhan Ekinci, Sat\u0131\u015f \u015eefi \u0130lker Kata ve \u00e7ok say\u0131da taksi sahibi kat\u0131ld\u0131. Firma taraf\u0131ndan taksi kullan\u0131m\u0131na \u00f6zel olarak tasarlanan ara\u00e7, ilk olarak Bozyaka Poliklinik Taksi Dura\u011f\u0131\u2019ndan Metin Ak\u2019a sat\u0131ld\u0131. \u0130lk sat\u0131\u015fa \u00f6zel fiyat\u0131n 1 milyon 300 bin TL olarak belirlendi\u011fi belirtildi. Konu\u015fmalar\u0131n ard\u0131ndan tan\u0131t\u0131m\u0131 yap\u0131lan \u00f6zel \u00fcretim taksi, davetliler taraf\u0131ndan detayl\u0131 \u015fekilde incelendi. Taksiciler, arac\u0131n i\u00e7 ve d\u0131\u015f tasar\u0131m\u0131 ile teknik \u00f6zellikleri hakk\u0131nda yetkililerden bilgi ald\u0131.<\/p>\n<p>&#8220;Esnaf\u0131m\u0131z\u0131n hayal etti\u011fi ara\u00e7 \u00fcretildi&#8221;<br \/>\n<br \/>\u0130zmir \u015eof\u00f6rler ve Otomobilciler Esnaf Odas\u0131 Ba\u015fkan\u0131 Erkan \u00d6zkan, lansman t\u00f6reninde yapt\u0131\u011f\u0131 konu\u015fmada, arac\u0131n tamamen taksici esnaf\u0131n\u0131n talepleri do\u011frultusunda \u00fcretildi\u011fini belirterek \u015funlar\u0131 s\u00f6yledi: &#8220;Bize daha fazla teknik \u00f6zelli\u011fe sahip, g\u00fc\u00e7l\u00fc motorlu, 1.3 motor hacminde, manuel vitesli, benzinli ve LPG d\u00f6n\u00fc\u015f\u00fcml\u00fc, i\u00e7 ve bagaj hacmi geni\u015f bir ara\u00e7 beklentimizi ilettik. Renault yetkilileri de bu sesimizi duyarak Avrupa\u2019n\u0131n \u00e7e\u015fitli \u00fclkelerindeki fabrikalar\u0131nda ara\u015ft\u0131rma yapt\u0131. Mevcut Megane kasas\u0131 \u00fczerinde k\u00fc\u00e7\u00fck de\u011fi\u015fiklikler yaparak otomatik \u015fanz\u0131man\u0131 manuele \u00e7evirdiler. B\u00f6ylece esnaf\u0131m\u0131z\u0131n hayal etti\u011fi, bekledi\u011fi ara\u00e7 ortaya \u00e7\u0131kt\u0131.&#8221;<\/p>\n<p>&#8220;\u0130zmirli m\u00fc\u015fterilere daha kaliteli ula\u015f\u0131m sunulacak&#8221;<br \/>\n<br \/>\u00d6zkan, \u00f6zel \u00fcretim ara\u00e7lar\u0131n \u0130zmir yollar\u0131nda hizmet vermeye ba\u015flamas\u0131yla birlikte vatanda\u015flara daha kaliteli ula\u015f\u0131m sa\u011flanaca\u011f\u0131n\u0131 vurgulayarak, &#8220;Bu tip ara\u00e7lar\u0131n piyasaya s\u00fcr\u00fclmesi, \u0130zmirli m\u00fc\u015fterilerimizin ve vatanda\u015flar\u0131m\u0131z\u0131n daha konforlu, g\u00fcvenli ve kaliteli ta\u015f\u0131mac\u0131l\u0131k hizmeti almas\u0131na imkan sa\u011flayacak. Bundan dolay\u0131 eme\u011fi ge\u00e7en herkese te\u015fekk\u00fcr ediyorum&#8221; dedi.<\/p>\n<p>&#8220;\u0130zmir yine bir ilke imza att\u0131&#8221;<br \/>\n<br \/>\u0130zmir\u2019in her konuda oldu\u011fu gibi yine bir ilke imza att\u0131\u011f\u0131n\u0131 belirten \u00d6zkan, &#8220;Bu, T\u00fcrkiye\u2019de \u015fu anda \u2018Megane Taksi\u2019 olarak adland\u0131r\u0131lan ilk \u00f6rnek ara\u00e7. \u0130n\u015fallah \u0130zmirli hem\u015fehrilerimiz kazas\u0131z belas\u0131z bu ara\u00e7larla hizmet al\u0131rlar. \u0130zmir her konuda oldu\u011fu gibi ilklerin \u015fehri olmu\u015ftur&#8221; ifadelerini kulland\u0131. Projeyi 6 ay \u00f6nce ba\u015flatt\u0131klar\u0131n\u0131 belirten \u00d6zkan, &#8220;\u0130zmir \u015eof\u00f6rler Odas\u0131 y\u00f6netimi olarak y\u00f6netim kurulu \u00fcyesi arkada\u015flar\u0131m\u0131zla birlikte bu \u00e7al\u0131\u015fmay\u0131 ba\u015flatt\u0131k. Geldi\u011fimiz noktada, hem ilk \u00f6rnek olmas\u0131 hem de \u0130zmir\u2019in bu konuda \u00f6nc\u00fcl\u00fck yapmas\u0131 bizi mutlu ve gururlu k\u0131l\u0131yor. Bug\u00fcn itibariyle ilk sat\u0131\u015f ger\u00e7ekle\u015fti. Bozyaka Poliklinik Taksi Dura\u011f\u0131\u2019ndan esnaf\u0131m\u0131z Metin Ak\u2019a 1 milyon 300 bin TL\u2019ye sat\u0131ld\u0131. Pazarl\u0131\u011f\u0131n\u0131 da bizzat ben yapt\u0131m. Hay\u0131rl\u0131 olsun&#8221; dedi.<br \/><\/p>\n","protected":false},"excerpt":{"rendered":"<p>\u0130zmir \u015eof\u00f6rler ve Otomobilciler Esnaf Odas\u0131 ile Ermat Grubu i\u015f birli\u011fi kapsam\u0131nda, 1.3 motor hacmine sahip LPG\u2019li \u00f6zel \u00fcretim Renault Megane model ticari taksi, \u0130zmir\u2019de d\u00fczenlenen lansmanla tan\u0131t\u0131ld\u0131. \u0130lk sat\u0131\u015f\u0131n yap\u0131lmas\u0131yla birlikte ara\u00e7, T\u00fcrkiye\u2019de ilk kez \u0130zmir\u2019de trafi\u011fe \u00e7\u0131kacak. Ermat\u2019\u0131n Gaziemir\u2019deki bayisinde ger\u00e7ekle\u015ftirilen tan\u0131t\u0131m toplant\u0131s\u0131na, \u0130zmir \u015eof\u00f6rler ve Otomobilciler Esnaf Odas\u0131 Ba\u015fkan\u0131 Erkan \u00d6zkan, Ermat&#8230;<\/p>\n","protected":false},"author":1,"featured_media":48729,"comment_status":"open","ping_status":"open","sticky":false,"template":"","format":"standard","meta":{"_crdt_document":"","footnotes":""},"categories":[125],"tags":[],"class_list":["post-48728","post","type-post","status-publish","format-standard","has-post-thumbnail","hentry","category-ekonomi"],"_links":{"self":[{"href":"https:\/\/www.egemtv.com\/index.php?rest_route=\/wp\/v2\/posts\/48728","targetHints":{"allow":["GET"]}}],"collection":[{"href":"https:\/\/www.egemtv.com\/index.php?rest_route=\/wp\/v2\/posts"}],"about":[{"href":"https:\/\/www.egemtv.com\/index.php?rest_route=\/wp\/v2\/types\/post"}],"author":[{"embeddable":true,"href":"https:\/\/www.egemtv.com\/index.php?rest_route=\/wp\/v2\/users\/1"}],"replies":[{"embeddable":true,"href":"https:\/\/www.egemtv.com\/index.php?rest_route=%2Fwp%2Fv2%2Fcomments&post=48728"}],"version-history":[{"count":1,"href":"https:\/\/www.egemtv.com\/index.php?rest_route=\/wp\/v2\/posts\/48728\/revisions"}],"predecessor-version":[{"id":48730,"href":"https:\/\/www.egemtv.com\/index.php?rest_route=\/wp\/v2\/posts\/48728\/revisions\/48730"}],"wp:featuredmedia":[{"embeddable":true,"href":"https:\/\/www.egemtv.com\/index.php?rest_route=\/wp\/v2\/media\/48729"}],"wp:attachment":[{"href":"https:\/\/www.egemtv.com\/index.php?rest_route=%2Fwp%2Fv2%2Fmedia&parent=48728"}],"wp:term":[{"taxonomy":"category","embeddable":true,"href":"https:\/\/www.egemtv.com\/index.php?rest_route=%2Fwp%2Fv2%2Fcategories&post=48728"},{"taxonomy":"post_tag","embeddable":true,"href":"https:\/\/www.egemtv.com\/index.php?rest_route=%2Fwp%2Fv2%2Ftags&post=48728"}],"curies":[{"name":"wp","href":"https:\/\/api.w.org\/{rel}","templated":true}]}}