{"id":48725,"date":"2025-08-14T12:34:45","date_gmt":"2025-08-14T09:34:45","guid":{"rendered":"https:\/\/www.egemtv.com\/?p=48725"},"modified":"2025-08-14T12:34:46","modified_gmt":"2025-08-14T09:34:46","slug":"marmaris-devlet-hastanesinde-doktora-siddet","status":"publish","type":"post","link":"https:\/\/www.egemtv.com\/?p=48725","title":{"rendered":"Marmaris Devlet Hastanesi\u2019nde doktora \u015fiddet"},"content":{"rendered":"<p>Mu\u011fla\u2019n\u0131n Marmaris il\u00e7esinde muayene i\u00e7in geldi\u011fi hastanede doktora sald\u0131ran \u015f\u00fcpheli, yakalanarak g\u00f6zalt\u0131na al\u0131nd\u0131.<br \/>\n<br \/>Olay, Marmaris Devlet Hastanesi\u2019nde meydana geldi. Edinilen bilgiye g\u00f6re K.\u00c7. isimi bir vatanda\u015f muayene i\u00e7in \u00fcroloji poliklini\u011fine geldi. \u00dcroloji doktoru S.P. gerekli incelemelerin ard\u0131ndan hasta K.\u00c7.\u2019yi acile y\u00f6nlendirdi. Bir anda sinirlenen K.\u00c7., \u00f6nce doktora hakaretlerde bulunup doktor S.P.\u2019nin karn\u0131na tekme atarak fiziksel \u015fiddet uygulad\u0131. Ard\u0131ndan K.\u00c7.\u2019nin klinikte bulunan bilgisayarlara vurarak zarar verirken, hastane y\u00f6netimi taraf\u0131ndan &#8220;beyaz kod&#8221; uygulamas\u0131 ba\u015flat\u0131ld\u0131. K\u0131sa s\u00fcrede b\u00f6lgeye gelen emniyet g\u00fc\u00e7leri K.\u00c7.\u2019yi yakalayarak g\u00f6zalt\u0131na ald\u0131. Doktor S.P.\u2019nin \u015fikayeti \u00fczerine n\u00f6bet\u00e7i savc\u0131dan al\u0131nan talimatla K.\u00c7.\u2019nin g\u00f6zalt\u0131 i\u015flemlerinin ard\u0131ndan bug\u00fcn adliyeye sevk edilece\u011fi bildirildi.<br \/><\/p>\n","protected":false},"excerpt":{"rendered":"<p>Mu\u011fla\u2019n\u0131n Marmaris il\u00e7esinde muayene i\u00e7in geldi\u011fi hastanede doktora sald\u0131ran \u015f\u00fcpheli, yakalanarak g\u00f6zalt\u0131na al\u0131nd\u0131. Olay, Marmaris Devlet Hastanesi\u2019nde meydana geldi. Edinilen bilgiye g\u00f6re K.\u00c7. isimi bir vatanda\u015f muayene i\u00e7in \u00fcroloji poliklini\u011fine geldi. \u00dcroloji doktoru S.P. gerekli incelemelerin ard\u0131ndan hasta K.\u00c7.\u2019yi acile y\u00f6nlendirdi. Bir anda sinirlenen K.\u00c7., \u00f6nce doktora hakaretlerde bulunup doktor S.P.\u2019nin karn\u0131na tekme atarak fiziksel&#8230;<\/p>\n","protected":false},"author":1,"featured_media":48726,"comment_status":"open","ping_status":"open","sticky":false,"template":"","format":"standard","meta":{"_crdt_document":"","footnotes":""},"categories":[5],"tags":[],"class_list":["post-48725","post","type-post","status-publish","format-standard","has-post-thumbnail","hentry","category-asayis"],"_links":{"self":[{"href":"https:\/\/www.egemtv.com\/index.php?rest_route=\/wp\/v2\/posts\/48725","targetHints":{"allow":["GET"]}}],"collection":[{"href":"https:\/\/www.egemtv.com\/index.php?rest_route=\/wp\/v2\/posts"}],"about":[{"href":"https:\/\/www.egemtv.com\/index.php?rest_route=\/wp\/v2\/types\/post"}],"author":[{"embeddable":true,"href":"https:\/\/www.egemtv.com\/index.php?rest_route=\/wp\/v2\/users\/1"}],"replies":[{"embeddable":true,"href":"https:\/\/www.egemtv.com\/index.php?rest_route=%2Fwp%2Fv2%2Fcomments&post=48725"}],"version-history":[{"count":1,"href":"https:\/\/www.egemtv.com\/index.php?rest_route=\/wp\/v2\/posts\/48725\/revisions"}],"predecessor-version":[{"id":48727,"href":"https:\/\/www.egemtv.com\/index.php?rest_route=\/wp\/v2\/posts\/48725\/revisions\/48727"}],"wp:featuredmedia":[{"embeddable":true,"href":"https:\/\/www.egemtv.com\/index.php?rest_route=\/wp\/v2\/media\/48726"}],"wp:attachment":[{"href":"https:\/\/www.egemtv.com\/index.php?rest_route=%2Fwp%2Fv2%2Fmedia&parent=48725"}],"wp:term":[{"taxonomy":"category","embeddable":true,"href":"https:\/\/www.egemtv.com\/index.php?rest_route=%2Fwp%2Fv2%2Fcategories&post=48725"},{"taxonomy":"post_tag","embeddable":true,"href":"https:\/\/www.egemtv.com\/index.php?rest_route=%2Fwp%2Fv2%2Ftags&post=48725"}],"curies":[{"name":"wp","href":"https:\/\/api.w.org\/{rel}","templated":true}]}}