{"id":48722,"date":"2025-08-14T12:34:44","date_gmt":"2025-08-14T09:34:44","guid":{"rendered":"https:\/\/www.egemtv.com\/?p=48722"},"modified":"2025-08-14T12:34:45","modified_gmt":"2025-08-14T09:34:45","slug":"aydin-buyuksehir-belediye-baskani-cercioglu-chpden-istifa-etti","status":"publish","type":"post","link":"https:\/\/www.egemtv.com\/?p=48722","title":{"rendered":"Ayd\u0131n B\u00fcy\u00fck\u015fehir Belediye Ba\u015fkan\u0131 \u00c7er\u00e7io\u011flu CHP\u2019den istifa etti"},"content":{"rendered":"<p>Ayd\u0131n B\u00fcy\u00fck\u015fehir Belediye Ba\u015fkan\u0131 \u00d6zlem \u00c7er\u00e7io\u011flu, CHP\u2019den istifa etti.<br \/>\n<br \/>\u00c7er\u00e7io\u011flu, sosyal medya hesab\u0131ndan yapt\u0131\u011f\u0131 a\u00e7\u0131klamada, &#8220;Ayd\u0131n B\u00fcy\u00fck\u015fehir Belediye Ba\u015fkan\u0131 olarak ben ve \u00fc\u00e7 belediye ba\u015fkan\u0131m\u0131z; Cumhuriyet Halk Partisi i\u00e7inde ya\u015fad\u0131\u011f\u0131m\u0131z sorunlar konusunda defalarca partinin yetkili makamlar\u0131nda \u00e7\u00f6z\u00fcm aramam\u0131za ra\u011fmen maalesef bir sonuca ula\u015famad\u0131k.<br \/>\n<br \/>Ya\u015fanan anti-demokratik uygulamalar\u0131n yan\u0131 s\u0131ra hem benim temel prensiplerim olan hem de Ayd\u0131nl\u0131lara ve aileme verdi\u011fim d\u00fcr\u00fcstl\u00fck, yasalar \u00e7er\u00e7evesinde hizmet, kamu ahlak\u0131ndan taviz vermeme ilkeleri nedeniyle Cumhuriyet Halk Partisi ile ayn\u0131 yolda y\u00fcr\u00fcme imkan\u0131m art\u0131k bulunmamaktad\u0131r.<br \/>\n<br \/>\u00d6zellikle bilinmesini isterim ki, bu noktaya gelinmemesi i\u00e7in her seviyede d\u00fcr\u00fcstl\u00fck, ahlak, yasalara uygunluk taleplerimizi dile getirmeme ra\u011fmen, \u015fahs\u0131m ve ailem hedef al\u0131nd\u0131k.<br \/>\n<br \/>Sonu\u00e7 itibariyle Cumhuriyet Halk Partisi\u2019nde siyaset yapma imkan\u0131 kalmad\u0131\u011f\u0131ndan ve g\u00f6rd\u00fc\u011f\u00fcm l\u00fczum \u00fczerine parti \u00fcyeli\u011finden istifa ediyorum.<br \/>\n<br \/>Bug\u00fcne kadar oldu\u011fu gibi bundan sonra da ayn\u0131 \u015fevk ve azimle; hi\u00e7bir ayr\u0131m yapmadan bug\u00fcne kadar nas\u0131l hizmet ettiysem Ayd\u0131n halk\u0131n\u0131n ayn\u0131 prensiplerle hizmetinde olmaya devam edece\u011fimden hi\u00e7bir hem\u015fehrimin \u015f\u00fcphesi olmas\u0131n.<br \/>\n<br \/>B\u00fct\u00fcn Ayd\u0131nl\u0131 hem\u015fehrilerimi sayg\u0131lar\u0131mla selaml\u0131yorum&#8221;.<br \/><\/p>\n","protected":false},"excerpt":{"rendered":"<p>Ayd\u0131n B\u00fcy\u00fck\u015fehir Belediye Ba\u015fkan\u0131 \u00d6zlem \u00c7er\u00e7io\u011flu, CHP\u2019den istifa etti. \u00c7er\u00e7io\u011flu, sosyal medya hesab\u0131ndan yapt\u0131\u011f\u0131 a\u00e7\u0131klamada, &#8220;Ayd\u0131n B\u00fcy\u00fck\u015fehir Belediye Ba\u015fkan\u0131 olarak ben ve \u00fc\u00e7 belediye ba\u015fkan\u0131m\u0131z; Cumhuriyet Halk Partisi i\u00e7inde ya\u015fad\u0131\u011f\u0131m\u0131z sorunlar konusunda defalarca partinin yetkili makamlar\u0131nda \u00e7\u00f6z\u00fcm aramam\u0131za ra\u011fmen maalesef bir sonuca ula\u015famad\u0131k. Ya\u015fanan anti-demokratik uygulamalar\u0131n yan\u0131 s\u0131ra hem benim temel prensiplerim olan hem de&#8230;<\/p>\n","protected":false},"author":1,"featured_media":48723,"comment_status":"open","ping_status":"open","sticky":false,"template":"","format":"standard","meta":{"_crdt_document":"","footnotes":""},"categories":[127],"tags":[],"class_list":["post-48722","post","type-post","status-publish","format-standard","has-post-thumbnail","hentry","category-siyaset"],"_links":{"self":[{"href":"https:\/\/www.egemtv.com\/index.php?rest_route=\/wp\/v2\/posts\/48722","targetHints":{"allow":["GET"]}}],"collection":[{"href":"https:\/\/www.egemtv.com\/index.php?rest_route=\/wp\/v2\/posts"}],"about":[{"href":"https:\/\/www.egemtv.com\/index.php?rest_route=\/wp\/v2\/types\/post"}],"author":[{"embeddable":true,"href":"https:\/\/www.egemtv.com\/index.php?rest_route=\/wp\/v2\/users\/1"}],"replies":[{"embeddable":true,"href":"https:\/\/www.egemtv.com\/index.php?rest_route=%2Fwp%2Fv2%2Fcomments&post=48722"}],"version-history":[{"count":1,"href":"https:\/\/www.egemtv.com\/index.php?rest_route=\/wp\/v2\/posts\/48722\/revisions"}],"predecessor-version":[{"id":48724,"href":"https:\/\/www.egemtv.com\/index.php?rest_route=\/wp\/v2\/posts\/48722\/revisions\/48724"}],"wp:featuredmedia":[{"embeddable":true,"href":"https:\/\/www.egemtv.com\/index.php?rest_route=\/wp\/v2\/media\/48723"}],"wp:attachment":[{"href":"https:\/\/www.egemtv.com\/index.php?rest_route=%2Fwp%2Fv2%2Fmedia&parent=48722"}],"wp:term":[{"taxonomy":"category","embeddable":true,"href":"https:\/\/www.egemtv.com\/index.php?rest_route=%2Fwp%2Fv2%2Fcategories&post=48722"},{"taxonomy":"post_tag","embeddable":true,"href":"https:\/\/www.egemtv.com\/index.php?rest_route=%2Fwp%2Fv2%2Ftags&post=48722"}],"curies":[{"name":"wp","href":"https:\/\/api.w.org\/{rel}","templated":true}]}}