{"id":48716,"date":"2025-08-14T12:14:51","date_gmt":"2025-08-14T09:14:51","guid":{"rendered":"https:\/\/www.egemtv.com\/?p=48716"},"modified":"2025-08-14T12:14:52","modified_gmt":"2025-08-14T09:14:52","slug":"afyonun-lgs-sampiyonlari-marmariste-agirlandi","status":"publish","type":"post","link":"https:\/\/www.egemtv.com\/?p=48716","title":{"rendered":"Afyon\u2019un LGS \u015fampiyonlar\u0131 Marmaris\u2019te a\u011f\u0131rland\u0131"},"content":{"rendered":"<p>Afyonkarahisar\u2019da 2025 y\u0131l\u0131 LGS s\u0131nav\u0131nda 500 tam puan alarak \u015fampiyon olan \u00f6\u011frenciler, Afyonkarahisar Milli E\u011fitim M\u00fcd\u00fcrl\u00fc\u011f\u00fc taraf\u0131ndan tatille \u00f6d\u00fcllendirildi.<\/p>\n<p>Marmaris Kaymakaml\u0131\u011f\u0131 ev sahipli\u011finde d\u00fczenlenen program kapsam\u0131nda \u00f6\u011frenciler G\u00f6kova Yelken Kul\u00fcb\u00fc\u2019nde konaklad\u0131. Gezi s\u00fcresince tekne turlar\u0131, do\u011fa gezileri ve k\u00fclt\u00fcrel turlar\u0131n yan\u0131 s\u0131ra Marmaris\u2019in tarihini, koylar\u0131n\u0131 ve muhte\u015fem denizini de ke\u015ffetme f\u0131rsat\u0131 buldu. Marmaris Kaymakam\u0131 Nurullah Kaya, &#8220;Ba\u015far\u0131lar\u0131yla Afyonkarahisar\u2019\u0131 gururland\u0131ran \u00f6\u011frencilerimizi il\u00e7emizde a\u011f\u0131rlamaktan b\u00fcy\u00fck mutluluk duyuyoruz. E\u011fitim hayatlar\u0131nda daima ba\u015far\u0131l\u0131 olmalar\u0131n\u0131 diliyorum&#8221; ifadelerini kulland\u0131.<br \/><\/p>\n","protected":false},"excerpt":{"rendered":"<p>Afyonkarahisar\u2019da 2025 y\u0131l\u0131 LGS s\u0131nav\u0131nda 500 tam puan alarak \u015fampiyon olan \u00f6\u011frenciler, Afyonkarahisar Milli E\u011fitim M\u00fcd\u00fcrl\u00fc\u011f\u00fc taraf\u0131ndan tatille \u00f6d\u00fcllendirildi. Marmaris Kaymakaml\u0131\u011f\u0131 ev sahipli\u011finde d\u00fczenlenen program kapsam\u0131nda \u00f6\u011frenciler G\u00f6kova Yelken Kul\u00fcb\u00fc\u2019nde konaklad\u0131. Gezi s\u00fcresince tekne turlar\u0131, do\u011fa gezileri ve k\u00fclt\u00fcrel turlar\u0131n yan\u0131 s\u0131ra Marmaris\u2019in tarihini, koylar\u0131n\u0131 ve muhte\u015fem denizini de ke\u015ffetme f\u0131rsat\u0131 buldu. Marmaris Kaymakam\u0131 Nurullah&#8230;<\/p>\n","protected":false},"author":1,"featured_media":48717,"comment_status":"open","ping_status":"open","sticky":false,"template":"","format":"standard","meta":{"_crdt_document":"","footnotes":""},"categories":[1],"tags":[],"class_list":["post-48716","post","type-post","status-publish","format-standard","has-post-thumbnail","hentry","category-guncel"],"_links":{"self":[{"href":"https:\/\/www.egemtv.com\/index.php?rest_route=\/wp\/v2\/posts\/48716","targetHints":{"allow":["GET"]}}],"collection":[{"href":"https:\/\/www.egemtv.com\/index.php?rest_route=\/wp\/v2\/posts"}],"about":[{"href":"https:\/\/www.egemtv.com\/index.php?rest_route=\/wp\/v2\/types\/post"}],"author":[{"embeddable":true,"href":"https:\/\/www.egemtv.com\/index.php?rest_route=\/wp\/v2\/users\/1"}],"replies":[{"embeddable":true,"href":"https:\/\/www.egemtv.com\/index.php?rest_route=%2Fwp%2Fv2%2Fcomments&post=48716"}],"version-history":[{"count":1,"href":"https:\/\/www.egemtv.com\/index.php?rest_route=\/wp\/v2\/posts\/48716\/revisions"}],"predecessor-version":[{"id":48718,"href":"https:\/\/www.egemtv.com\/index.php?rest_route=\/wp\/v2\/posts\/48716\/revisions\/48718"}],"wp:featuredmedia":[{"embeddable":true,"href":"https:\/\/www.egemtv.com\/index.php?rest_route=\/wp\/v2\/media\/48717"}],"wp:attachment":[{"href":"https:\/\/www.egemtv.com\/index.php?rest_route=%2Fwp%2Fv2%2Fmedia&parent=48716"}],"wp:term":[{"taxonomy":"category","embeddable":true,"href":"https:\/\/www.egemtv.com\/index.php?rest_route=%2Fwp%2Fv2%2Fcategories&post=48716"},{"taxonomy":"post_tag","embeddable":true,"href":"https:\/\/www.egemtv.com\/index.php?rest_route=%2Fwp%2Fv2%2Ftags&post=48716"}],"curies":[{"name":"wp","href":"https:\/\/api.w.org\/{rel}","templated":true}]}}