{"id":48707,"date":"2025-08-14T11:35:52","date_gmt":"2025-08-14T08:35:52","guid":{"rendered":"https:\/\/www.egemtv.com\/?p=48707"},"modified":"2025-08-14T11:35:53","modified_gmt":"2025-08-14T08:35:53","slug":"baskan-arslan-bir-dava-bir-lider-bir-millet","status":"publish","type":"post","link":"https:\/\/www.egemtv.com\/?p=48707","title":{"rendered":"Ba\u015fkan Arslan; &#8220;Bir dava, bir lider, bir millet&#8221;"},"content":{"rendered":"<p>DEN\u0130ZL\u0130 (\u0130HA) \u2013 AK Parti\u2019nin 24\u2019\u00fcnc\u00fc kurulu\u015f y\u0131l d\u00f6n\u00fcm\u00fcn\u00fc kutlayan \u00c7ameli Belediye Ba\u015fkan\u0131 Cengiz Arslan, &#8220;Hi\u00e7 geri ad\u0131m atmadan \u2018Bir dava, bir lider, bir millet\u2019 misyonumuzla d\u00fcn oldu\u011fu gibi bug\u00fcn de yar\u0131n da milletimiz i\u00e7in var\u0131z&#8221; dedi.<\/p>\n<p>\u00c7ameli Belediye Ba\u015fkan\u0131 Cengiz Arslan, AK Parti\u2019nin 24\u2019\u00fcnc\u00fc kurulu\u015f y\u0131ld\u00f6n\u00fcm\u00fc dolay\u0131s\u0131yla mir kutlama mesaj\u0131 yay\u0131mlad\u0131. &#8220;Bir dava, bir lider, bir millet&#8221; misyonuna vurgu yapan Ba\u015fkan Arslan, &#8220;14 A\u011fustos 2001\u2019de milletimizin deste\u011fiyle yola \u00e7\u0131kan AK Parti, Cumhurba\u015fkan\u0131m\u0131z Recep Tayyip Erdo\u011fan\u2019\u0131n \u00f6nc\u00fcl\u00fc\u011f\u00fcnde 24 y\u0131ld\u0131r T\u00fcrkiye i\u00e7in durmadan, yorulmadan \u00e7al\u0131\u015f\u0131yor. Rabbim, bu kutlu y\u00fcr\u00fcy\u00fc\u015f\u00fc ilelebet s\u00fcrd\u00fcrmeyi nasip etsin. 24 y\u0131ld\u0131r ayn\u0131 inan\u00e7, ayn\u0131 kararl\u0131l\u0131k, ayn\u0131 heyecan ile hizmet ediyoruz. \u2018G\u00fc\u00e7l\u00fc T\u00fcrkiye\u2019 idealimizden bir an olsun geri ad\u0131m atm\u0131yoruz. \u2018Bir dava, bir lider, bir millet\u2019 misyonumuzla d\u00fcn oldu\u011fu gibi bug\u00fcn de yar\u0131n da milletimiz i\u00e7in var\u0131z&#8221; ifadelerini kulland\u0131.<br \/><\/p>\n","protected":false},"excerpt":{"rendered":"<p>DEN\u0130ZL\u0130 (\u0130HA) \u2013 AK Parti\u2019nin 24\u2019\u00fcnc\u00fc kurulu\u015f y\u0131l d\u00f6n\u00fcm\u00fcn\u00fc kutlayan \u00c7ameli Belediye Ba\u015fkan\u0131 Cengiz Arslan, &#8220;Hi\u00e7 geri ad\u0131m atmadan \u2018Bir dava, bir lider, bir millet\u2019 misyonumuzla d\u00fcn oldu\u011fu gibi bug\u00fcn de yar\u0131n da milletimiz i\u00e7in var\u0131z&#8221; dedi. \u00c7ameli Belediye Ba\u015fkan\u0131 Cengiz Arslan, AK Parti\u2019nin 24\u2019\u00fcnc\u00fc kurulu\u015f y\u0131ld\u00f6n\u00fcm\u00fc dolay\u0131s\u0131yla mir kutlama mesaj\u0131 yay\u0131mlad\u0131. &#8220;Bir dava, bir&#8230;<\/p>\n","protected":false},"author":1,"featured_media":48708,"comment_status":"open","ping_status":"open","sticky":false,"template":"","format":"standard","meta":{"_crdt_document":"","footnotes":""},"categories":[127],"tags":[],"class_list":["post-48707","post","type-post","status-publish","format-standard","has-post-thumbnail","hentry","category-siyaset"],"_links":{"self":[{"href":"https:\/\/www.egemtv.com\/index.php?rest_route=\/wp\/v2\/posts\/48707","targetHints":{"allow":["GET"]}}],"collection":[{"href":"https:\/\/www.egemtv.com\/index.php?rest_route=\/wp\/v2\/posts"}],"about":[{"href":"https:\/\/www.egemtv.com\/index.php?rest_route=\/wp\/v2\/types\/post"}],"author":[{"embeddable":true,"href":"https:\/\/www.egemtv.com\/index.php?rest_route=\/wp\/v2\/users\/1"}],"replies":[{"embeddable":true,"href":"https:\/\/www.egemtv.com\/index.php?rest_route=%2Fwp%2Fv2%2Fcomments&post=48707"}],"version-history":[{"count":1,"href":"https:\/\/www.egemtv.com\/index.php?rest_route=\/wp\/v2\/posts\/48707\/revisions"}],"predecessor-version":[{"id":48709,"href":"https:\/\/www.egemtv.com\/index.php?rest_route=\/wp\/v2\/posts\/48707\/revisions\/48709"}],"wp:featuredmedia":[{"embeddable":true,"href":"https:\/\/www.egemtv.com\/index.php?rest_route=\/wp\/v2\/media\/48708"}],"wp:attachment":[{"href":"https:\/\/www.egemtv.com\/index.php?rest_route=%2Fwp%2Fv2%2Fmedia&parent=48707"}],"wp:term":[{"taxonomy":"category","embeddable":true,"href":"https:\/\/www.egemtv.com\/index.php?rest_route=%2Fwp%2Fv2%2Fcategories&post=48707"},{"taxonomy":"post_tag","embeddable":true,"href":"https:\/\/www.egemtv.com\/index.php?rest_route=%2Fwp%2Fv2%2Ftags&post=48707"}],"curies":[{"name":"wp","href":"https:\/\/api.w.org\/{rel}","templated":true}]}}