{"id":48704,"date":"2025-08-14T11:15:10","date_gmt":"2025-08-14T08:15:10","guid":{"rendered":"https:\/\/www.egemtv.com\/?p=48704"},"modified":"2025-08-14T11:15:11","modified_gmt":"2025-08-14T08:15:11","slug":"genclik-spor-bakani-aydina-geliyor","status":"publish","type":"post","link":"https:\/\/www.egemtv.com\/?p=48704","title":{"rendered":"Gen\u00e7lik Spor Bakan\u0131 Ayd\u0131n\u2019a geliyor"},"content":{"rendered":"<p>Ayd\u0131n\u2019\u0131n d\u00f6rt bir yan\u0131nda spor yat\u0131r\u0131mlar\u0131 y\u00fckselmeye devam ederken, yat\u0131r\u0131mlar\u0131 tamamlanan tesislerin a\u00e7\u0131l\u0131\u015f\u0131n\u0131 ger\u00e7ekle\u015ftirmek \u00fczere Gen\u00e7lik ve Spor Bakan\u0131 Osman A\u015fk\u0131n Bak, Ayd\u0131n\u2019a gelecek.<br \/>\n<br \/>Gen\u00e7lik Spor Bakanl\u0131\u011f\u0131\u2019n\u0131n yat\u0131r\u0131m projeleri aras\u0131nda yer alan Ayd\u0131n\u2019da y\u00fcr\u00fct\u00fclen \u00e7al\u0131\u015fmalar aral\u0131ks\u0131z devam ediyor. Sporun tabana yay\u0131lmas\u0131, gen\u00e7lerin spora y\u00f6nlendirilmesi ve bo\u015f zamanlar\u0131n\u0131 en iyi \u015fekilde de\u011ferlendirmeleri i\u00e7in il genelinde ger\u00e7ekle\u015ftirilen yat\u0131r\u0131mlar \u00e7er\u00e7evesinde ise 23 tesisin yap\u0131m\u0131 tamamland\u0131. Bu kapsamda Gen\u00e7lik ve Spor Bakan\u0131 Osman A\u015fk\u0131n Bak da tesislerin a\u00e7\u0131l\u0131\u015f\u0131n\u0131 ger\u00e7ekle\u015ftirme ve yat\u0131r\u0131m s\u00fcre\u00e7lerini yerinde incelemek amac\u0131yla Ayd\u0131n\u2019a gelecek. Uzun s\u00fcrede Bakan Bak\u2019\u0131n Ayd\u0131n\u2019a gelece\u011fi konu\u015fulurken, gelece\u011fi tarih de netlik kazand\u0131. Edinilen bilgilere g\u00f6re Bakan Bak, 23 A\u011fustos Cumartesi g\u00fcn\u00fc beraberindeki heyete birlikte Ayd\u0131n\u2019a gelerek, yap\u0131m\u0131 tamamlanan tesislerin a\u00e7\u0131l\u0131\u015f\u0131n\u0131 yapacak.<br \/><\/p>\n","protected":false},"excerpt":{"rendered":"<p>Ayd\u0131n\u2019\u0131n d\u00f6rt bir yan\u0131nda spor yat\u0131r\u0131mlar\u0131 y\u00fckselmeye devam ederken, yat\u0131r\u0131mlar\u0131 tamamlanan tesislerin a\u00e7\u0131l\u0131\u015f\u0131n\u0131 ger\u00e7ekle\u015ftirmek \u00fczere Gen\u00e7lik ve Spor Bakan\u0131 Osman A\u015fk\u0131n Bak, Ayd\u0131n\u2019a gelecek. Gen\u00e7lik Spor Bakanl\u0131\u011f\u0131\u2019n\u0131n yat\u0131r\u0131m projeleri aras\u0131nda yer alan Ayd\u0131n\u2019da y\u00fcr\u00fct\u00fclen \u00e7al\u0131\u015fmalar aral\u0131ks\u0131z devam ediyor. Sporun tabana yay\u0131lmas\u0131, gen\u00e7lerin spora y\u00f6nlendirilmesi ve bo\u015f zamanlar\u0131n\u0131 en iyi \u015fekilde de\u011ferlendirmeleri i\u00e7in il genelinde ger\u00e7ekle\u015ftirilen&#8230;<\/p>\n","protected":false},"author":1,"featured_media":48705,"comment_status":"open","ping_status":"open","sticky":false,"template":"","format":"standard","meta":{"_crdt_document":"","footnotes":""},"categories":[1],"tags":[],"class_list":["post-48704","post","type-post","status-publish","format-standard","has-post-thumbnail","hentry","category-guncel"],"_links":{"self":[{"href":"https:\/\/www.egemtv.com\/index.php?rest_route=\/wp\/v2\/posts\/48704","targetHints":{"allow":["GET"]}}],"collection":[{"href":"https:\/\/www.egemtv.com\/index.php?rest_route=\/wp\/v2\/posts"}],"about":[{"href":"https:\/\/www.egemtv.com\/index.php?rest_route=\/wp\/v2\/types\/post"}],"author":[{"embeddable":true,"href":"https:\/\/www.egemtv.com\/index.php?rest_route=\/wp\/v2\/users\/1"}],"replies":[{"embeddable":true,"href":"https:\/\/www.egemtv.com\/index.php?rest_route=%2Fwp%2Fv2%2Fcomments&post=48704"}],"version-history":[{"count":1,"href":"https:\/\/www.egemtv.com\/index.php?rest_route=\/wp\/v2\/posts\/48704\/revisions"}],"predecessor-version":[{"id":48706,"href":"https:\/\/www.egemtv.com\/index.php?rest_route=\/wp\/v2\/posts\/48704\/revisions\/48706"}],"wp:featuredmedia":[{"embeddable":true,"href":"https:\/\/www.egemtv.com\/index.php?rest_route=\/wp\/v2\/media\/48705"}],"wp:attachment":[{"href":"https:\/\/www.egemtv.com\/index.php?rest_route=%2Fwp%2Fv2%2Fmedia&parent=48704"}],"wp:term":[{"taxonomy":"category","embeddable":true,"href":"https:\/\/www.egemtv.com\/index.php?rest_route=%2Fwp%2Fv2%2Fcategories&post=48704"},{"taxonomy":"post_tag","embeddable":true,"href":"https:\/\/www.egemtv.com\/index.php?rest_route=%2Fwp%2Fv2%2Ftags&post=48704"}],"curies":[{"name":"wp","href":"https:\/\/api.w.org\/{rel}","templated":true}]}}