{"id":48701,"date":"2025-08-14T11:15:10","date_gmt":"2025-08-14T08:15:10","guid":{"rendered":"https:\/\/www.egemtv.com\/?p=48701"},"modified":"2025-08-14T11:15:10","modified_gmt":"2025-08-14T08:15:10","slug":"yaban-hayati-fotokapana-yakalandi","status":"publish","type":"post","link":"https:\/\/www.egemtv.com\/?p=48701","title":{"rendered":"Yaban hayat\u0131 fotokapana yakaland\u0131"},"content":{"rendered":"<p>Denizli\u2019nin Buldan il\u00e7esinde yaban hayat\u0131n\u0131n g\u00f6r\u00fcnt\u00fclerini kaydetmek i\u00e7in konulan fotokapanlara pek \u00e7ok t\u00fcrden yaban hayvan\u0131 g\u00f6r\u00fcnt\u00fclendi.<\/p>\n<p>Denizli\u2019nin Buldan il\u00e7esinde do\u011faya yerle\u015ftirilen fotokapanlara bir\u00e7ok t\u00fcrden yaban hayvan\u0131 tespit edildi. Kaplumba\u011fa, k\u0131nal\u0131 keklik, porsuk, tilki ve \u00fcveyiklerin ya\u015fam alanlar\u0131 ve g\u00f6letlerdeki yaban hayvanlar\u0131n\u0131n g\u00f6r\u00fcnt\u00fcleri kameralar taraf\u0131ndan kaydedildi. Yaban hayat\u0131n\u0131n korunmas\u0131 ve do\u011fadaki t\u00fcm canl\u0131lar\u0131n ya\u015famlar\u0131n\u0131 s\u00fcrd\u00fcrmesi amac\u0131yla olu\u015fturulan g\u00f6letlerin yap\u0131lmas\u0131 ile yaban hayvanlar\u0131n\u0131n say\u0131lar\u0131n\u0131n artt\u0131\u011f\u0131 \u00f6\u011frenildi.<br \/><\/p>\n","protected":false},"excerpt":{"rendered":"<p>Denizli\u2019nin Buldan il\u00e7esinde yaban hayat\u0131n\u0131n g\u00f6r\u00fcnt\u00fclerini kaydetmek i\u00e7in konulan fotokapanlara pek \u00e7ok t\u00fcrden yaban hayvan\u0131 g\u00f6r\u00fcnt\u00fclendi. Denizli\u2019nin Buldan il\u00e7esinde do\u011faya yerle\u015ftirilen fotokapanlara bir\u00e7ok t\u00fcrden yaban hayvan\u0131 tespit edildi. Kaplumba\u011fa, k\u0131nal\u0131 keklik, porsuk, tilki ve \u00fcveyiklerin ya\u015fam alanlar\u0131 ve g\u00f6letlerdeki yaban hayvanlar\u0131n\u0131n g\u00f6r\u00fcnt\u00fcleri kameralar taraf\u0131ndan kaydedildi. Yaban hayat\u0131n\u0131n korunmas\u0131 ve do\u011fadaki t\u00fcm canl\u0131lar\u0131n ya\u015famlar\u0131n\u0131 s\u00fcrd\u00fcrmesi amac\u0131yla&#8230;<\/p>\n","protected":false},"author":1,"featured_media":48702,"comment_status":"open","ping_status":"open","sticky":false,"template":"","format":"standard","meta":{"_crdt_document":"","footnotes":""},"categories":[1],"tags":[],"class_list":["post-48701","post","type-post","status-publish","format-standard","has-post-thumbnail","hentry","category-guncel"],"_links":{"self":[{"href":"https:\/\/www.egemtv.com\/index.php?rest_route=\/wp\/v2\/posts\/48701","targetHints":{"allow":["GET"]}}],"collection":[{"href":"https:\/\/www.egemtv.com\/index.php?rest_route=\/wp\/v2\/posts"}],"about":[{"href":"https:\/\/www.egemtv.com\/index.php?rest_route=\/wp\/v2\/types\/post"}],"author":[{"embeddable":true,"href":"https:\/\/www.egemtv.com\/index.php?rest_route=\/wp\/v2\/users\/1"}],"replies":[{"embeddable":true,"href":"https:\/\/www.egemtv.com\/index.php?rest_route=%2Fwp%2Fv2%2Fcomments&post=48701"}],"version-history":[{"count":1,"href":"https:\/\/www.egemtv.com\/index.php?rest_route=\/wp\/v2\/posts\/48701\/revisions"}],"predecessor-version":[{"id":48703,"href":"https:\/\/www.egemtv.com\/index.php?rest_route=\/wp\/v2\/posts\/48701\/revisions\/48703"}],"wp:featuredmedia":[{"embeddable":true,"href":"https:\/\/www.egemtv.com\/index.php?rest_route=\/wp\/v2\/media\/48702"}],"wp:attachment":[{"href":"https:\/\/www.egemtv.com\/index.php?rest_route=%2Fwp%2Fv2%2Fmedia&parent=48701"}],"wp:term":[{"taxonomy":"category","embeddable":true,"href":"https:\/\/www.egemtv.com\/index.php?rest_route=%2Fwp%2Fv2%2Fcategories&post=48701"},{"taxonomy":"post_tag","embeddable":true,"href":"https:\/\/www.egemtv.com\/index.php?rest_route=%2Fwp%2Fv2%2Ftags&post=48701"}],"curies":[{"name":"wp","href":"https:\/\/api.w.org\/{rel}","templated":true}]}}