{"id":48698,"date":"2025-08-14T11:15:09","date_gmt":"2025-08-14T08:15:09","guid":{"rendered":"https:\/\/www.egemtv.com\/?p=48698"},"modified":"2025-08-14T11:15:10","modified_gmt":"2025-08-14T08:15:10","slug":"baskan-tatik-kirsaldaki-cocuklarin-yuzme-ogrenmesini-sagliyor","status":"publish","type":"post","link":"https:\/\/www.egemtv.com\/?p=48698","title":{"rendered":"Ba\u015fkan Tat\u0131k k\u0131rsaldaki \u00e7ocuklar\u0131n y\u00fczme \u00f6\u011frenmesini sa\u011fl\u0131yor"},"content":{"rendered":"<p>Tavas Belediyesi taraf\u0131ndan d\u00fczenlenen yaz d\u00f6nemi y\u00fczme kurslar\u0131na, k\u0131rsal mahallelerden Tavas\u2019a getirilen 250 \u00e7ocu\u011fun bu sayede y\u00fczme \u00f6\u011frenmeleri sa\u011flan\u0131yor.<\/p>\n<p>Tavas Belediyesi taraf\u0131ndan yaz aylar\u0131 boyunca s\u00fcrd\u00fcr\u00fclen y\u00fczme kurlar\u0131nda k\u0131rsaldaki \u00e7ocuklar unutulmad\u0131. \u00c7ocuklar\u0131n, hem y\u00fczme \u00f6\u011frenmesi hem de bu sporu hayatlar\u0131n\u0131n bir par\u00e7as\u0131 haline getirmek amac\u0131yla Tavas\u2019\u0131n farkl\u0131 mahallerinden 7 ile 14 ya\u015f aras\u0131 250 \u00f6\u011frenciye ta\u015f\u0131mal\u0131 e\u011fitimle y\u00fczme kursu sa\u011flan\u0131yor. B\u00f6lgelerdeki minib\u00fcs kooperatiflerinden g\u00fcnl\u00fck olarak kiralanan minib\u00fcslerle \u00f6\u011frencilerin Tavas Y\u00fczme Havuzuna ula\u015f\u0131m\u0131 sa\u011flan\u0131yor. Y\u00fczme kursuna kat\u0131lan \u00e7ocuklar s\u0131cak havalarda havuzda y\u00fczerek serinlerken farkl\u0131 \u00e7ocuklarla sosyalle\u015fmeleri sa\u011flan\u0131yor.<\/p>\n<p>7 den 70\u2019e herkes i\u00e7in \u00e7al\u0131\u015ft\u0131klar\u0131n\u0131 belirten Tavas Belediye Ba\u015fkan\u0131 Kadir Tat\u0131k, &#8220;Tavas Belediyesi olarak, k\u00f6ylerimizde ya\u015fayan 7-14 ya\u015f aras\u0131 \u00e7ocuklar\u0131m\u0131z i\u00e7in \u00fccretsiz ta\u015f\u0131mal\u0131 y\u00fczme kursu ba\u015flatt\u0131k. K\u00f6ylerden, Tavas merkeze gelen 250 \u00e7ocu\u011fumuz, hem y\u00fczme \u00f6\u011frenecek hem de bu sporu hayatlar\u0131n\u0131n bir par\u00e7as\u0131 haline getirecek. \u0130lk g\u00fcn, \u00e7ocuklar\u0131m\u0131z\u0131n g\u00f6zlerindeki heyecan ve mutluluk her \u015feye bedeldi. Katk\u0131lar\u0131ndan \u00f6t\u00fcr\u00fc Denizli B\u00fcy\u00fck\u015fehir Belediyemize ve emek veren herkese te\u015fekk\u00fcr ediyoruz. 7\u2019den 70\u2019e herkes i\u00e7in \u00e7al\u0131\u015fmaya, Tavas i\u00e7in daha g\u00fczel projeler \u00fcretmeye devam edece\u011fiz&#8221; ifadelerini kulland\u0131.<br \/><\/p>\n","protected":false},"excerpt":{"rendered":"<p>Tavas Belediyesi taraf\u0131ndan d\u00fczenlenen yaz d\u00f6nemi y\u00fczme kurslar\u0131na, k\u0131rsal mahallelerden Tavas\u2019a getirilen 250 \u00e7ocu\u011fun bu sayede y\u00fczme \u00f6\u011frenmeleri sa\u011flan\u0131yor. Tavas Belediyesi taraf\u0131ndan yaz aylar\u0131 boyunca s\u00fcrd\u00fcr\u00fclen y\u00fczme kurlar\u0131nda k\u0131rsaldaki \u00e7ocuklar unutulmad\u0131. \u00c7ocuklar\u0131n, hem y\u00fczme \u00f6\u011frenmesi hem de bu sporu hayatlar\u0131n\u0131n bir par\u00e7as\u0131 haline getirmek amac\u0131yla Tavas\u2019\u0131n farkl\u0131 mahallerinden 7 ile 14 ya\u015f aras\u0131 250 \u00f6\u011frenciye&#8230;<\/p>\n","protected":false},"author":1,"featured_media":48699,"comment_status":"open","ping_status":"open","sticky":false,"template":"","format":"standard","meta":{"_crdt_document":"","footnotes":""},"categories":[4],"tags":[],"class_list":["post-48698","post","type-post","status-publish","format-standard","has-post-thumbnail","hentry","category-spor"],"_links":{"self":[{"href":"https:\/\/www.egemtv.com\/index.php?rest_route=\/wp\/v2\/posts\/48698","targetHints":{"allow":["GET"]}}],"collection":[{"href":"https:\/\/www.egemtv.com\/index.php?rest_route=\/wp\/v2\/posts"}],"about":[{"href":"https:\/\/www.egemtv.com\/index.php?rest_route=\/wp\/v2\/types\/post"}],"author":[{"embeddable":true,"href":"https:\/\/www.egemtv.com\/index.php?rest_route=\/wp\/v2\/users\/1"}],"replies":[{"embeddable":true,"href":"https:\/\/www.egemtv.com\/index.php?rest_route=%2Fwp%2Fv2%2Fcomments&post=48698"}],"version-history":[{"count":1,"href":"https:\/\/www.egemtv.com\/index.php?rest_route=\/wp\/v2\/posts\/48698\/revisions"}],"predecessor-version":[{"id":48700,"href":"https:\/\/www.egemtv.com\/index.php?rest_route=\/wp\/v2\/posts\/48698\/revisions\/48700"}],"wp:featuredmedia":[{"embeddable":true,"href":"https:\/\/www.egemtv.com\/index.php?rest_route=\/wp\/v2\/media\/48699"}],"wp:attachment":[{"href":"https:\/\/www.egemtv.com\/index.php?rest_route=%2Fwp%2Fv2%2Fmedia&parent=48698"}],"wp:term":[{"taxonomy":"category","embeddable":true,"href":"https:\/\/www.egemtv.com\/index.php?rest_route=%2Fwp%2Fv2%2Fcategories&post=48698"},{"taxonomy":"post_tag","embeddable":true,"href":"https:\/\/www.egemtv.com\/index.php?rest_route=%2Fwp%2Fv2%2Ftags&post=48698"}],"curies":[{"name":"wp","href":"https:\/\/api.w.org\/{rel}","templated":true}]}}