{"id":48695,"date":"2025-08-14T11:15:08","date_gmt":"2025-08-14T08:15:08","guid":{"rendered":"https:\/\/www.egemtv.com\/?p=48695"},"modified":"2025-08-14T11:15:09","modified_gmt":"2025-08-14T08:15:09","slug":"13-yillik-bas-agrisi-kabusu-10-dakikada-sona-erdi","status":"publish","type":"post","link":"https:\/\/www.egemtv.com\/?p=48695","title":{"rendered":"13 y\u0131ll\u0131k ba\u015f a\u011fr\u0131s\u0131 kabusu, 10 dakikada sona erdi"},"content":{"rendered":"<p>Afyon\u2019da ya\u015fayan ve 13 y\u0131ld\u0131r \u015fiddetli ba\u015f a\u011fr\u0131s\u0131 ya\u015fayan Yusuf Ayd\u0131n, \u0130zmir\u2019de uygulanan sinir blokaj\u0131 tedavisi sayesinde a\u011fr\u0131lar\u0131ndan kurtuldu.<br \/>\n<br \/>\u0130zmir Ekonomi \u00dcniversitesi Medical Point Hastanesi N\u00f6roloji B\u00f6l\u00fcm\u00fc\u2019nden Dr. \u00d6\u011fr. \u00dcyesi Fatma G\u00fclhan \u015eahbaz, y\u0131llard\u0131r k\u00fcme tipi ba\u015f a\u011fr\u0131s\u0131 \u00e7eken bir hastas\u0131na uygulad\u0131\u011f\u0131 giri\u015fimsel tedaviyle y\u00fcz g\u00fcld\u00fcrd\u00fc. 13 y\u0131ld\u0131r \u015fiddetli ba\u015f a\u011fr\u0131s\u0131 ya\u015fayan Yusuf Ayd\u0131n, 10 dakikal\u0131k bir i\u015flemle sa\u011fl\u0131\u011f\u0131na kavu\u015fmu\u015f oldu.<br \/>\n<br \/>Tedavi \u00f6ncesi g\u00fcnl\u00fck ya\u015fam\u0131n\u0131n neredeyse tamam\u0131n\u0131 ba\u015f a\u011fr\u0131s\u0131yla ge\u00e7irdi\u011fini belirten Yusuf Ayd\u0131n, &#8220;G\u00fcnde 6-7 kez a\u011fr\u0131 \u00e7ekti\u011fim oluyordu. Geceleri 45 dakika a\u011fr\u0131, ard\u0131ndan 15-20 dakika uyku. \u0130\u015f hayat\u0131m, aile d\u00fczenim tamamen bozulmu\u015ftu. Herkes mutsuzdu, bazen hepimiz a\u011fl\u0131yorduk. 4. seanstan sonra a\u011fr\u0131lar\u0131m\u0131n y\u00fczde 60-70\u2019i kesildi. \u015eimdi ya\u015famaktan zevk almaya ba\u015flad\u0131m&#8221; dedi.<\/p>\n<p>Nadir ve diren\u00e7li bir ba\u015f a\u011fr\u0131s\u0131 t\u00fcr\u00fc<br \/>\n<br \/>Hastan\u0131n tedavi s\u00fcrecini anlatan Dr. \u00d6\u011fr. \u00dcyesi Fatma G\u00fclhan \u015eahbaz, &#8220;Hastam\u0131z 13-14 y\u0131ld\u0131r \u015fiddetli, tek tarafl\u0131 g\u00f6z \u00e7evresinde delici tarzda a\u011fr\u0131lar ya\u015f\u0131yordu. G\u00f6zya\u015f\u0131 art\u0131\u015f\u0131 ve burun t\u0131kan\u0131kl\u0131\u011f\u0131n\u0131n e\u015flik etti\u011fi, ilaca diren\u00e7li k\u00fcme tipi ba\u015f a\u011fr\u0131s\u0131 tan\u0131s\u0131 koyduk. Bu nadir g\u00f6r\u00fclen ba\u015f a\u011fr\u0131s\u0131 t\u00fcr\u00fcnde h\u0131zl\u0131 ve etkin m\u00fcdahale b\u00fcy\u00fck \u00f6nem ta\u015f\u0131yor&#8221; dedi.<\/p>\n<p>10 dakikada etkili ve konforlu i\u015flem<br \/>\n<br \/>Uygulad\u0131klar\u0131 tedavi y\u00f6ntemini de aktaran Dr. \u015eahbaz, &#8220;B\u00fcy\u00fck oksipital sinir blokaj\u0131, supraorbital sinir tetik nokta ve sfenopalatin ganglion blokaj\u0131 gibi giri\u015fimsel y\u00f6ntemleri kulland\u0131k. 3-4. seanstan itibaren \u00e7ok iyi yan\u0131tlar ald\u0131k. Bug\u00fcn 6. seans\u0131m\u0131z\u0131 tamamlad\u0131k. Yakla\u015f\u0131k 10 dakika s\u00fcren bu i\u015flem, hastay\u0131 rahats\u0131z etmiyor ve sonras\u0131nda g\u00fcnl\u00fck ya\u015fam\u0131na devam edebiliyor&#8221; diye konu\u015ftu.<br \/><\/p>\n","protected":false},"excerpt":{"rendered":"<p>Afyon\u2019da ya\u015fayan ve 13 y\u0131ld\u0131r \u015fiddetli ba\u015f a\u011fr\u0131s\u0131 ya\u015fayan Yusuf Ayd\u0131n, \u0130zmir\u2019de uygulanan sinir blokaj\u0131 tedavisi sayesinde a\u011fr\u0131lar\u0131ndan kurtuldu. \u0130zmir Ekonomi \u00dcniversitesi Medical Point Hastanesi N\u00f6roloji B\u00f6l\u00fcm\u00fc\u2019nden Dr. \u00d6\u011fr. \u00dcyesi Fatma G\u00fclhan \u015eahbaz, y\u0131llard\u0131r k\u00fcme tipi ba\u015f a\u011fr\u0131s\u0131 \u00e7eken bir hastas\u0131na uygulad\u0131\u011f\u0131 giri\u015fimsel tedaviyle y\u00fcz g\u00fcld\u00fcrd\u00fc. 13 y\u0131ld\u0131r \u015fiddetli ba\u015f a\u011fr\u0131s\u0131 ya\u015fayan Yusuf Ayd\u0131n, 10&#8230;<\/p>\n","protected":false},"author":1,"featured_media":48696,"comment_status":"open","ping_status":"open","sticky":false,"template":"","format":"standard","meta":{"_crdt_document":"","footnotes":""},"categories":[2],"tags":[],"class_list":["post-48695","post","type-post","status-publish","format-standard","has-post-thumbnail","hentry","category-saglik"],"_links":{"self":[{"href":"https:\/\/www.egemtv.com\/index.php?rest_route=\/wp\/v2\/posts\/48695","targetHints":{"allow":["GET"]}}],"collection":[{"href":"https:\/\/www.egemtv.com\/index.php?rest_route=\/wp\/v2\/posts"}],"about":[{"href":"https:\/\/www.egemtv.com\/index.php?rest_route=\/wp\/v2\/types\/post"}],"author":[{"embeddable":true,"href":"https:\/\/www.egemtv.com\/index.php?rest_route=\/wp\/v2\/users\/1"}],"replies":[{"embeddable":true,"href":"https:\/\/www.egemtv.com\/index.php?rest_route=%2Fwp%2Fv2%2Fcomments&post=48695"}],"version-history":[{"count":1,"href":"https:\/\/www.egemtv.com\/index.php?rest_route=\/wp\/v2\/posts\/48695\/revisions"}],"predecessor-version":[{"id":48697,"href":"https:\/\/www.egemtv.com\/index.php?rest_route=\/wp\/v2\/posts\/48695\/revisions\/48697"}],"wp:featuredmedia":[{"embeddable":true,"href":"https:\/\/www.egemtv.com\/index.php?rest_route=\/wp\/v2\/media\/48696"}],"wp:attachment":[{"href":"https:\/\/www.egemtv.com\/index.php?rest_route=%2Fwp%2Fv2%2Fmedia&parent=48695"}],"wp:term":[{"taxonomy":"category","embeddable":true,"href":"https:\/\/www.egemtv.com\/index.php?rest_route=%2Fwp%2Fv2%2Fcategories&post=48695"},{"taxonomy":"post_tag","embeddable":true,"href":"https:\/\/www.egemtv.com\/index.php?rest_route=%2Fwp%2Fv2%2Ftags&post=48695"}],"curies":[{"name":"wp","href":"https:\/\/api.w.org\/{rel}","templated":true}]}}