{"id":48692,"date":"2025-08-14T10:54:57","date_gmt":"2025-08-14T07:54:57","guid":{"rendered":"https:\/\/www.egemtv.com\/?p=48692"},"modified":"2025-08-14T10:54:58","modified_gmt":"2025-08-14T07:54:58","slug":"camelinde-festival-coskusu-ugur-onur-ile-yasandi","status":"publish","type":"post","link":"https:\/\/www.egemtv.com\/?p=48692","title":{"rendered":"\u00c7ameli\u2019nde festival co\u015fkusu U\u011fur \u00d6n\u00fcr ile ya\u015fand\u0131"},"content":{"rendered":"<p>\u00c7ameli K\u00fclt\u00fcr, Turizm, Tar\u0131m ve Do\u011fa Sporlar\u0131 Festivali\u2019nin 3. g\u00fcn ak\u015fam program\u0131 U\u011fur \u00d6n\u00fcr konseriyle co\u015fkulu bir atmosfere sahne oldu. Gecede konser alan\u0131n\u0131 dolduran vatanda\u015flar, unutulmaz anlar ya\u015fayarak doyas\u0131ya e\u011flendiler.<\/p>\n<p>9. \u00c7ameli K\u00fclt\u00fcr, Turizm, Tar\u0131m ve Do\u011fa Sporlar\u0131 Festivali\u2019nin 3. g\u00fcn\u00fcnde U\u011fur \u00d6n\u00fcr sahne ald\u0131. U\u011fur \u00d6n\u00fcr ve ekibi dinleyenlere g\u00fczel bir m\u00fczik ziyafeti sunarak; enerjik, ne\u015feli ve e\u011flenceli anlar\u0131yla festivale renk katt\u0131. Belediye Ba\u015fkan\u0131 Cengiz Arslan, sahne alan U\u011fur \u00d6n\u00fcr ve ekibine te\u015fekk\u00fcr ederek hediyelerini takdim etti. Ba\u015fkan Arslan, festivale g\u00f6sterilen yo\u011fun ilgi i\u00e7in il\u00e7e halk\u0131na te\u015fekk\u00fcr ederek memnuniyetini dile getirdi. Festival alan\u0131, gecenin ilerleyen saatlerine kadar halk\u0131n doyas\u0131ya e\u011flendi\u011fi, birlik ve beraberlik i\u00e7inde keyifli anlar ya\u015fad\u0131\u011f\u0131 bir bulu\u015fma noktas\u0131 oldu.<\/p>\n<p>Programa \u00c7ameli Belediye Ba\u015fkan\u0131 Cengiz Arslan ve e\u015fi \u0130lkin Arslan, \u0130l\u00e7e Jandarma Komutan\u0131 H\u00fcseyin Arslan, \u0130l\u00e7e Emniyet Amiri Bilal Cing\u00f6r, AK Parti \u0130l\u00e7e Ba\u015fkan\u0131 Cengiz Y\u0131lmaz, il\u00e7e protokol \u00fcyeleri ve \u00e7ok say\u0131da vatanda\u015f kat\u0131l\u0131m sa\u011flad\u0131.<br \/><\/p>\n","protected":false},"excerpt":{"rendered":"<p>\u00c7ameli K\u00fclt\u00fcr, Turizm, Tar\u0131m ve Do\u011fa Sporlar\u0131 Festivali\u2019nin 3. g\u00fcn ak\u015fam program\u0131 U\u011fur \u00d6n\u00fcr konseriyle co\u015fkulu bir atmosfere sahne oldu. Gecede konser alan\u0131n\u0131 dolduran vatanda\u015flar, unutulmaz anlar ya\u015fayarak doyas\u0131ya e\u011flendiler. 9. \u00c7ameli K\u00fclt\u00fcr, Turizm, Tar\u0131m ve Do\u011fa Sporlar\u0131 Festivali\u2019nin 3. g\u00fcn\u00fcnde U\u011fur \u00d6n\u00fcr sahne ald\u0131. U\u011fur \u00d6n\u00fcr ve ekibi dinleyenlere g\u00fczel bir m\u00fczik ziyafeti sunarak;&#8230;<\/p>\n","protected":false},"author":1,"featured_media":48693,"comment_status":"open","ping_status":"open","sticky":false,"template":"","format":"standard","meta":{"_crdt_document":"","footnotes":""},"categories":[1],"tags":[],"class_list":["post-48692","post","type-post","status-publish","format-standard","has-post-thumbnail","hentry","category-guncel"],"_links":{"self":[{"href":"https:\/\/www.egemtv.com\/index.php?rest_route=\/wp\/v2\/posts\/48692","targetHints":{"allow":["GET"]}}],"collection":[{"href":"https:\/\/www.egemtv.com\/index.php?rest_route=\/wp\/v2\/posts"}],"about":[{"href":"https:\/\/www.egemtv.com\/index.php?rest_route=\/wp\/v2\/types\/post"}],"author":[{"embeddable":true,"href":"https:\/\/www.egemtv.com\/index.php?rest_route=\/wp\/v2\/users\/1"}],"replies":[{"embeddable":true,"href":"https:\/\/www.egemtv.com\/index.php?rest_route=%2Fwp%2Fv2%2Fcomments&post=48692"}],"version-history":[{"count":1,"href":"https:\/\/www.egemtv.com\/index.php?rest_route=\/wp\/v2\/posts\/48692\/revisions"}],"predecessor-version":[{"id":48694,"href":"https:\/\/www.egemtv.com\/index.php?rest_route=\/wp\/v2\/posts\/48692\/revisions\/48694"}],"wp:featuredmedia":[{"embeddable":true,"href":"https:\/\/www.egemtv.com\/index.php?rest_route=\/wp\/v2\/media\/48693"}],"wp:attachment":[{"href":"https:\/\/www.egemtv.com\/index.php?rest_route=%2Fwp%2Fv2%2Fmedia&parent=48692"}],"wp:term":[{"taxonomy":"category","embeddable":true,"href":"https:\/\/www.egemtv.com\/index.php?rest_route=%2Fwp%2Fv2%2Fcategories&post=48692"},{"taxonomy":"post_tag","embeddable":true,"href":"https:\/\/www.egemtv.com\/index.php?rest_route=%2Fwp%2Fv2%2Ftags&post=48692"}],"curies":[{"name":"wp","href":"https:\/\/api.w.org\/{rel}","templated":true}]}}