{"id":48689,"date":"2025-08-14T10:54:57","date_gmt":"2025-08-14T07:54:57","guid":{"rendered":"https:\/\/www.egemtv.com\/?p=48689"},"modified":"2025-08-14T10:54:57","modified_gmt":"2025-08-14T07:54:57","slug":"cesme-belediyespor-secimli-olaganustu-genel-kurula-gidiyor","status":"publish","type":"post","link":"https:\/\/www.egemtv.com\/?p=48689","title":{"rendered":"\u00c7e\u015fme Belediyespor, se\u00e7imli ola\u011fan\u00fcst\u00fc genel kurula gidiyor"},"content":{"rendered":"<p>2025-2026 sezonunda S\u00fcper Amat\u00f6r Lig\u2019de m\u00fccadele edecek olan \u00c7e\u015fme Belediyespor Kul\u00fcb\u00fc, sezon ba\u015flamadan \u00f6nce y\u00f6netimini yenileme karar\u0131 ald\u0131.<br \/>\n<br \/>Kul\u00fcpten yap\u0131lan a\u00e7\u0131klamaya g\u00f6re, se\u00e7imli ola\u011fan\u00fcst\u00fc genel kurul toplant\u0131s\u0131 27 A\u011fustos \u00c7ar\u015famba g\u00fcn\u00fc saat 18.00\u2019de \u00c7akabey K\u00fclt\u00fcr Merkezi\u2019nde ger\u00e7ekle\u015ftirilecek. \u0130lk toplant\u0131da \u00e7o\u011funluk sa\u011flanamamas\u0131 halinde ise ikinci toplant\u0131 3 Eyl\u00fcl \u00c7ar\u015famba g\u00fcn\u00fc, ayn\u0131 yer ve saatte, \u00e7o\u011funluk aranmaks\u0131z\u0131n yap\u0131lacak.<br \/>\n<br \/>\u00c7e\u015fme Belediyespor, daha \u00f6nce 4 Haziran\u2019da ola\u011fan\u00fcst\u00fc genel kurul \u00e7a\u011fr\u0131s\u0131nda bulunmu\u015f, \u00e7o\u011funluk sa\u011flanamad\u0131\u011f\u0131 i\u00e7in toplant\u0131 11 Haziran\u2019a ertelenmi\u015fti. Ancak 11 Haziran\u2019daki toplant\u0131ya kat\u0131l\u0131m, se\u00e7ilecek y\u00f6netim ve denetim kurulu \u00fcyelerinin say\u0131s\u0131ndan az olunca genel kurul bir kez daha yap\u0131lamam\u0131\u015ft\u0131.<br \/><\/p>\n","protected":false},"excerpt":{"rendered":"<p>2025-2026 sezonunda S\u00fcper Amat\u00f6r Lig\u2019de m\u00fccadele edecek olan \u00c7e\u015fme Belediyespor Kul\u00fcb\u00fc, sezon ba\u015flamadan \u00f6nce y\u00f6netimini yenileme karar\u0131 ald\u0131. Kul\u00fcpten yap\u0131lan a\u00e7\u0131klamaya g\u00f6re, se\u00e7imli ola\u011fan\u00fcst\u00fc genel kurul toplant\u0131s\u0131 27 A\u011fustos \u00c7ar\u015famba g\u00fcn\u00fc saat 18.00\u2019de \u00c7akabey K\u00fclt\u00fcr Merkezi\u2019nde ger\u00e7ekle\u015ftirilecek. \u0130lk toplant\u0131da \u00e7o\u011funluk sa\u011flanamamas\u0131 halinde ise ikinci toplant\u0131 3 Eyl\u00fcl \u00c7ar\u015famba g\u00fcn\u00fc, ayn\u0131 yer ve saatte, \u00e7o\u011funluk aranmaks\u0131z\u0131n&#8230;<\/p>\n","protected":false},"author":1,"featured_media":48690,"comment_status":"open","ping_status":"open","sticky":false,"template":"","format":"standard","meta":{"_crdt_document":"","footnotes":""},"categories":[4],"tags":[],"class_list":["post-48689","post","type-post","status-publish","format-standard","has-post-thumbnail","hentry","category-spor"],"_links":{"self":[{"href":"https:\/\/www.egemtv.com\/index.php?rest_route=\/wp\/v2\/posts\/48689","targetHints":{"allow":["GET"]}}],"collection":[{"href":"https:\/\/www.egemtv.com\/index.php?rest_route=\/wp\/v2\/posts"}],"about":[{"href":"https:\/\/www.egemtv.com\/index.php?rest_route=\/wp\/v2\/types\/post"}],"author":[{"embeddable":true,"href":"https:\/\/www.egemtv.com\/index.php?rest_route=\/wp\/v2\/users\/1"}],"replies":[{"embeddable":true,"href":"https:\/\/www.egemtv.com\/index.php?rest_route=%2Fwp%2Fv2%2Fcomments&post=48689"}],"version-history":[{"count":1,"href":"https:\/\/www.egemtv.com\/index.php?rest_route=\/wp\/v2\/posts\/48689\/revisions"}],"predecessor-version":[{"id":48691,"href":"https:\/\/www.egemtv.com\/index.php?rest_route=\/wp\/v2\/posts\/48689\/revisions\/48691"}],"wp:featuredmedia":[{"embeddable":true,"href":"https:\/\/www.egemtv.com\/index.php?rest_route=\/wp\/v2\/media\/48690"}],"wp:attachment":[{"href":"https:\/\/www.egemtv.com\/index.php?rest_route=%2Fwp%2Fv2%2Fmedia&parent=48689"}],"wp:term":[{"taxonomy":"category","embeddable":true,"href":"https:\/\/www.egemtv.com\/index.php?rest_route=%2Fwp%2Fv2%2Fcategories&post=48689"},{"taxonomy":"post_tag","embeddable":true,"href":"https:\/\/www.egemtv.com\/index.php?rest_route=%2Fwp%2Fv2%2Ftags&post=48689"}],"curies":[{"name":"wp","href":"https:\/\/api.w.org\/{rel}","templated":true}]}}