{"id":48686,"date":"2025-08-14T10:35:46","date_gmt":"2025-08-14T07:35:46","guid":{"rendered":"https:\/\/www.egemtv.com\/?p=48686"},"modified":"2025-08-14T10:35:47","modified_gmt":"2025-08-14T07:35:47","slug":"denizlide-3-bin-litre-kacak-alkol-yakalandi","status":"publish","type":"post","link":"https:\/\/www.egemtv.com\/?p=48686","title":{"rendered":"Denizli\u2019de 3 bin litre ka\u00e7ak alkol yakaland\u0131"},"content":{"rendered":"<p>Denizli \u0130l Emniyet M\u00fcd\u00fcrl\u00fc\u011f\u00fc ekipleri taraf\u0131ndan sahte alkol ticaretinin \u00f6nlemesine y\u00f6nelik yap\u0131lan operasyonda 3 bin 620 litre ka\u00e7ak alkol ele ge\u00e7irilirken 2 ki\u015fi tutukland\u0131.<br \/>\n<br \/>Denizli \u0130l Emniyet M\u00fcd\u00fcrl\u00fc\u011f\u00fc Ka\u00e7ak\u00e7\u0131l\u0131k ve Organize Su\u00e7larla M\u00fccadele \u015eube M\u00fcd\u00fcrl\u00fc\u011f\u00fc ekipleri taraf\u0131ndan sahte alkoll\u00fc i\u00e7ki ticareti yapan, toplum sa\u011fl\u0131\u011f\u0131n\u0131 tehlikeye d\u00fc\u015f\u00fcren ve haks\u0131z kazan\u00e7 sa\u011flayan \u015fah\u0131s ve organizasyonlara y\u00f6nelik operasyonlar s\u00fcr\u00fcyor. 12 A\u011fustos 2025 g\u00fcn\u00fc ka\u00e7ak alkolleri kamyonetle yer de\u011fi\u015fli\u011fi yapt\u0131klar\u0131 esnada yap\u0131lan operasyonda kamyonette bulunan 2 \u015f\u00fcpheli g\u00f6zalt\u0131na al\u0131nd\u0131. \u015eah\u0131slar\u0131n Kamyonetlerinde yap\u0131lan aramada 3 bin 420 litre etil alkol ve 200 litre metil alkol ele ge\u00e7irildi.<br \/>\n<br \/>Ka\u00e7ak alkole yakalanan 2 \u015fah\u0131s karakoldaki i\u015flemlerinin ard\u0131ndan \u00e7\u0131kart\u0131ld\u0131klar\u0131 Adli Makamlarca 5607 say\u0131l\u0131 ka\u00e7ak\u00e7\u0131l\u0131kla m\u00fccadele kanununa muhalefet su\u00e7undan tutuklanarak cezaevine g\u00f6nderildiler.<br \/><\/p>\n","protected":false},"excerpt":{"rendered":"<p>Denizli \u0130l Emniyet M\u00fcd\u00fcrl\u00fc\u011f\u00fc ekipleri taraf\u0131ndan sahte alkol ticaretinin \u00f6nlemesine y\u00f6nelik yap\u0131lan operasyonda 3 bin 620 litre ka\u00e7ak alkol ele ge\u00e7irilirken 2 ki\u015fi tutukland\u0131. Denizli \u0130l Emniyet M\u00fcd\u00fcrl\u00fc\u011f\u00fc Ka\u00e7ak\u00e7\u0131l\u0131k ve Organize Su\u00e7larla M\u00fccadele \u015eube M\u00fcd\u00fcrl\u00fc\u011f\u00fc ekipleri taraf\u0131ndan sahte alkoll\u00fc i\u00e7ki ticareti yapan, toplum sa\u011fl\u0131\u011f\u0131n\u0131 tehlikeye d\u00fc\u015f\u00fcren ve haks\u0131z kazan\u00e7 sa\u011flayan \u015fah\u0131s ve organizasyonlara y\u00f6nelik operasyonlar&#8230;<\/p>\n","protected":false},"author":1,"featured_media":48687,"comment_status":"open","ping_status":"open","sticky":false,"template":"","format":"standard","meta":{"_crdt_document":"","footnotes":""},"categories":[5],"tags":[],"class_list":["post-48686","post","type-post","status-publish","format-standard","has-post-thumbnail","hentry","category-asayis"],"_links":{"self":[{"href":"https:\/\/www.egemtv.com\/index.php?rest_route=\/wp\/v2\/posts\/48686","targetHints":{"allow":["GET"]}}],"collection":[{"href":"https:\/\/www.egemtv.com\/index.php?rest_route=\/wp\/v2\/posts"}],"about":[{"href":"https:\/\/www.egemtv.com\/index.php?rest_route=\/wp\/v2\/types\/post"}],"author":[{"embeddable":true,"href":"https:\/\/www.egemtv.com\/index.php?rest_route=\/wp\/v2\/users\/1"}],"replies":[{"embeddable":true,"href":"https:\/\/www.egemtv.com\/index.php?rest_route=%2Fwp%2Fv2%2Fcomments&post=48686"}],"version-history":[{"count":1,"href":"https:\/\/www.egemtv.com\/index.php?rest_route=\/wp\/v2\/posts\/48686\/revisions"}],"predecessor-version":[{"id":48688,"href":"https:\/\/www.egemtv.com\/index.php?rest_route=\/wp\/v2\/posts\/48686\/revisions\/48688"}],"wp:featuredmedia":[{"embeddable":true,"href":"https:\/\/www.egemtv.com\/index.php?rest_route=\/wp\/v2\/media\/48687"}],"wp:attachment":[{"href":"https:\/\/www.egemtv.com\/index.php?rest_route=%2Fwp%2Fv2%2Fmedia&parent=48686"}],"wp:term":[{"taxonomy":"category","embeddable":true,"href":"https:\/\/www.egemtv.com\/index.php?rest_route=%2Fwp%2Fv2%2Fcategories&post=48686"},{"taxonomy":"post_tag","embeddable":true,"href":"https:\/\/www.egemtv.com\/index.php?rest_route=%2Fwp%2Fv2%2Ftags&post=48686"}],"curies":[{"name":"wp","href":"https:\/\/api.w.org\/{rel}","templated":true}]}}