{"id":48683,"date":"2025-08-14T10:35:45","date_gmt":"2025-08-14T07:35:45","guid":{"rendered":"https:\/\/www.egemtv.com\/?p=48683"},"modified":"2025-08-14T10:35:46","modified_gmt":"2025-08-14T07:35:46","slug":"kontrolden-cikan-otomobil-taklalar-atip-agaca-carpti-hurdaya-donen-aracta-4-kisi-yaralandi","status":"publish","type":"post","link":"https:\/\/www.egemtv.com\/?p=48683","title":{"rendered":"Kontrolden \u00e7\u0131kan otomobil taklalar at\u0131p a\u011faca \u00e7arpt\u0131, hurdaya d\u00f6nen ara\u00e7ta 4 ki\u015fi yaraland\u0131"},"content":{"rendered":"<p>Burdur\u2019da gece saatlerinde \u00e7evre yolunda seyir halindeyken s\u00fcr\u00fcc\u00fcs\u00fcn\u00fcn direksiyon hakimiyetini kaybetti\u011fi otomobil defalarca takla at\u0131p yol kenar\u0131ndaki a\u011faca \u00e7arpt\u0131. Hurdaya d\u00f6nen ara\u00e7tan 4 ki\u015fi kurtar\u0131larak hastaneye kald\u0131r\u0131ld\u0131.<br \/>\n<br \/>Kaza saat 01.00 s\u0131ralar\u0131nda Burdur merkez Bozkurt Mahallesi NATO \u00c7evre yolu \u00fczerinde meydana geldi. Edinilen bilgilere g\u00f6re Isparta istikametinden Burdur istikametine seyir halinde olan Burak \u00d6. idaresindeki 15 ABB 014 plakal\u0131 Volkswagen marka otomobil, s\u00fcr\u00fcc\u00fcs\u00fcn\u00fcn direksiyon hakimiyetini kaybetmesi sonucu kontrolden \u00e7\u0131karak taklalar at\u0131p yol kenar\u0131nda bulunan a\u011faca \u00e7arpt\u0131. Hurdaya d\u00f6nen otomobilde s\u00fcr\u00fcc\u00fc Burak \u00d6. ve ara\u00e7ta yolcu olarak bulunan O\u011fuzhan U., Halil S. ve Sadi E. C. yaraland\u0131. \u00c7evredekilerin 112 Acil \u00c7a\u011fr\u0131 Merkezi\u2019ne ihbar\u0131 \u00fczerine olay yerine itfaiye, sa\u011fl\u0131k ve polis ekipleri sevk edildi. Olay yerine gelen itfaiye ekipleri taraf\u0131ndan ara\u00e7 i\u00e7erisinden \u00e7\u0131kar\u0131lan yaral\u0131lar sa\u011fl\u0131k ekiplerinin ilk m\u00fcdahalesinin ard\u0131ndan ambulans ile Burdur Devlet Hastanesi\u2019ne kald\u0131r\u0131larak tedavi alt\u0131na al\u0131nd\u0131. Kaza ile ilgili inceleme ba\u015flat\u0131ld\u0131.<\/p>\n","protected":false},"excerpt":{"rendered":"<p>Burdur\u2019da gece saatlerinde \u00e7evre yolunda seyir halindeyken s\u00fcr\u00fcc\u00fcs\u00fcn\u00fcn direksiyon hakimiyetini kaybetti\u011fi otomobil defalarca takla at\u0131p yol kenar\u0131ndaki a\u011faca \u00e7arpt\u0131. Hurdaya d\u00f6nen ara\u00e7tan 4 ki\u015fi kurtar\u0131larak hastaneye kald\u0131r\u0131ld\u0131. Kaza saat 01.00 s\u0131ralar\u0131nda Burdur merkez Bozkurt Mahallesi NATO \u00c7evre yolu \u00fczerinde meydana geldi. Edinilen bilgilere g\u00f6re Isparta istikametinden Burdur istikametine seyir halinde olan Burak \u00d6. idaresindeki 15&#8230;<\/p>\n","protected":false},"author":1,"featured_media":48684,"comment_status":"open","ping_status":"open","sticky":false,"template":"","format":"standard","meta":{"_crdt_document":"","footnotes":""},"categories":[5],"tags":[],"class_list":["post-48683","post","type-post","status-publish","format-standard","has-post-thumbnail","hentry","category-asayis"],"_links":{"self":[{"href":"https:\/\/www.egemtv.com\/index.php?rest_route=\/wp\/v2\/posts\/48683","targetHints":{"allow":["GET"]}}],"collection":[{"href":"https:\/\/www.egemtv.com\/index.php?rest_route=\/wp\/v2\/posts"}],"about":[{"href":"https:\/\/www.egemtv.com\/index.php?rest_route=\/wp\/v2\/types\/post"}],"author":[{"embeddable":true,"href":"https:\/\/www.egemtv.com\/index.php?rest_route=\/wp\/v2\/users\/1"}],"replies":[{"embeddable":true,"href":"https:\/\/www.egemtv.com\/index.php?rest_route=%2Fwp%2Fv2%2Fcomments&post=48683"}],"version-history":[{"count":1,"href":"https:\/\/www.egemtv.com\/index.php?rest_route=\/wp\/v2\/posts\/48683\/revisions"}],"predecessor-version":[{"id":48685,"href":"https:\/\/www.egemtv.com\/index.php?rest_route=\/wp\/v2\/posts\/48683\/revisions\/48685"}],"wp:featuredmedia":[{"embeddable":true,"href":"https:\/\/www.egemtv.com\/index.php?rest_route=\/wp\/v2\/media\/48684"}],"wp:attachment":[{"href":"https:\/\/www.egemtv.com\/index.php?rest_route=%2Fwp%2Fv2%2Fmedia&parent=48683"}],"wp:term":[{"taxonomy":"category","embeddable":true,"href":"https:\/\/www.egemtv.com\/index.php?rest_route=%2Fwp%2Fv2%2Fcategories&post=48683"},{"taxonomy":"post_tag","embeddable":true,"href":"https:\/\/www.egemtv.com\/index.php?rest_route=%2Fwp%2Fv2%2Ftags&post=48683"}],"curies":[{"name":"wp","href":"https:\/\/api.w.org\/{rel}","templated":true}]}}