{"id":48680,"date":"2025-08-14T09:54:59","date_gmt":"2025-08-14T06:54:59","guid":{"rendered":"https:\/\/www.egemtv.com\/?p=48680"},"modified":"2025-08-14T09:54:59","modified_gmt":"2025-08-14T06:54:59","slug":"kontrolden-cikan-otomobil-takla-atti-1-yarali","status":"publish","type":"post","link":"https:\/\/www.egemtv.com\/?p=48680","title":{"rendered":"Kontrolden \u00e7\u0131kan otomobil takla att\u0131: 1 yaral\u0131"},"content":{"rendered":"<p>Afyonkarahisar\u2019da s\u00fcr\u00fcc\u00fcs\u00fcn\u00fcn direksiyon hakimiyetini kaybetti\u011fi otomobilin takla atmas\u0131 sonucunda ger\u00e7ekle\u015fen trafik kazas\u0131nda 1 ki\u015fi yaraland\u0131.<br \/>\n<br \/>Olay, Sand\u0131kl\u0131 il\u00e7esi G\u00fcrsu k\u00f6y\u00fc yak\u0131nlar\u0131nda meydana geldi. Edinilen bilgilere g\u00f6re; Mehmet A. isimli \u015fahs\u0131n idaresindeki 03 VS 421 plakal\u0131 otomobil, s\u00fcr\u00fcc\u00fcs\u00fcn\u00fcn direksiyon hakimiyetini kaybetmesi sonucunda takla att\u0131. Kazada yaralanan s\u00fcr\u00fcc\u00fc, ters d\u00f6nen otomobilin i\u00e7erisinde s\u0131k\u0131\u015ft\u0131.<\/p>\n<p>Ara\u00e7ta s\u0131k\u0131\u015fan s\u00fcr\u00fcc\u00fcy\u00fc itfaiye kurtard\u0131<br \/>\n<br \/>Kazay\u0131 g\u00f6ren vatanda\u015flar olay\u0131 112 Acil Servis\u2019e bildirdi. \u0130hbar \u00fczerine b\u00f6lgeye jandarma, sa\u011fl\u0131k ve itfaiye ekipleri sevk edildi. Ara\u00e7 i\u00e7erisinde s\u0131k\u0131\u015fan yaral\u0131 s\u00fcr\u00fcc\u00fc, itfaiye ekiplerinin \u00e7al\u0131\u015fmalar\u0131 sonucunda bulundu\u011fu yerden \u00e7\u0131kar\u0131ld\u0131. S\u00fcr\u00fcc\u00fcn\u00fcn hafif yaralarla atlatt\u0131\u011f\u0131 kazada, takla atan otomobilde b\u00fcy\u00fck hasar meydana geldi.<br \/>\n<br \/>Kaza ile ilgili soru\u015fturma ba\u015flat\u0131ld\u0131.<br \/><\/p>\n","protected":false},"excerpt":{"rendered":"<p>Afyonkarahisar\u2019da s\u00fcr\u00fcc\u00fcs\u00fcn\u00fcn direksiyon hakimiyetini kaybetti\u011fi otomobilin takla atmas\u0131 sonucunda ger\u00e7ekle\u015fen trafik kazas\u0131nda 1 ki\u015fi yaraland\u0131. Olay, Sand\u0131kl\u0131 il\u00e7esi G\u00fcrsu k\u00f6y\u00fc yak\u0131nlar\u0131nda meydana geldi. Edinilen bilgilere g\u00f6re; Mehmet A. isimli \u015fahs\u0131n idaresindeki 03 VS 421 plakal\u0131 otomobil, s\u00fcr\u00fcc\u00fcs\u00fcn\u00fcn direksiyon hakimiyetini kaybetmesi sonucunda takla att\u0131. Kazada yaralanan s\u00fcr\u00fcc\u00fc, ters d\u00f6nen otomobilin i\u00e7erisinde s\u0131k\u0131\u015ft\u0131. Ara\u00e7ta s\u0131k\u0131\u015fan s\u00fcr\u00fcc\u00fcy\u00fc itfaiye&#8230;<\/p>\n","protected":false},"author":1,"featured_media":48681,"comment_status":"open","ping_status":"open","sticky":false,"template":"","format":"standard","meta":{"_crdt_document":"","footnotes":""},"categories":[5],"tags":[],"class_list":["post-48680","post","type-post","status-publish","format-standard","has-post-thumbnail","hentry","category-asayis"],"_links":{"self":[{"href":"https:\/\/www.egemtv.com\/index.php?rest_route=\/wp\/v2\/posts\/48680","targetHints":{"allow":["GET"]}}],"collection":[{"href":"https:\/\/www.egemtv.com\/index.php?rest_route=\/wp\/v2\/posts"}],"about":[{"href":"https:\/\/www.egemtv.com\/index.php?rest_route=\/wp\/v2\/types\/post"}],"author":[{"embeddable":true,"href":"https:\/\/www.egemtv.com\/index.php?rest_route=\/wp\/v2\/users\/1"}],"replies":[{"embeddable":true,"href":"https:\/\/www.egemtv.com\/index.php?rest_route=%2Fwp%2Fv2%2Fcomments&post=48680"}],"version-history":[{"count":1,"href":"https:\/\/www.egemtv.com\/index.php?rest_route=\/wp\/v2\/posts\/48680\/revisions"}],"predecessor-version":[{"id":48682,"href":"https:\/\/www.egemtv.com\/index.php?rest_route=\/wp\/v2\/posts\/48680\/revisions\/48682"}],"wp:featuredmedia":[{"embeddable":true,"href":"https:\/\/www.egemtv.com\/index.php?rest_route=\/wp\/v2\/media\/48681"}],"wp:attachment":[{"href":"https:\/\/www.egemtv.com\/index.php?rest_route=%2Fwp%2Fv2%2Fmedia&parent=48680"}],"wp:term":[{"taxonomy":"category","embeddable":true,"href":"https:\/\/www.egemtv.com\/index.php?rest_route=%2Fwp%2Fv2%2Fcategories&post=48680"},{"taxonomy":"post_tag","embeddable":true,"href":"https:\/\/www.egemtv.com\/index.php?rest_route=%2Fwp%2Fv2%2Ftags&post=48680"}],"curies":[{"name":"wp","href":"https:\/\/api.w.org\/{rel}","templated":true}]}}