{"id":48656,"date":"2025-08-13T22:54:40","date_gmt":"2025-08-13T19:54:40","guid":{"rendered":"https:\/\/www.egemtv.com\/?p=48656"},"modified":"2025-08-13T22:54:40","modified_gmt":"2025-08-13T19:54:40","slug":"cardak-eski-belediye-baskani-kocazeybek-hayatini-kaubetti","status":"publish","type":"post","link":"https:\/\/www.egemtv.com\/?p=48656","title":{"rendered":"\u00c7ardak eski Belediye Ba\u015fkan\u0131 Kocazeybek hayat\u0131n\u0131 kaubetti"},"content":{"rendered":"<p>Denizli\u2019nin \u00c7ardak eski Belediye Ba\u015fkan\u0131 Mustafa Kocazeybek, tedavi g\u00f6rd\u00fc\u011f\u00fc \u00f6zel hastanede hayat\u0131n\u0131 kaybetti.<\/p>\n<p>Denizli\u2019nin \u00c7ardak il\u00e7esinde 2009 Mahalli \u0130dareler Se\u00e7imlerinde AK Partiden belediye ba\u015fkan\u0131 se\u00e7ilen Mustafa Kocazeybek, rahats\u0131zl\u0131\u011f\u0131na ba\u011fl\u0131 olarak bir s\u00fcredir tedavi g\u00f6rd\u00fc\u011f\u00fc Merkezefendi il\u00e7esindeki \u00f6zel hastanede ak\u015fam saatlerinde hayat\u0131n\u0131 kaybetti. \u00c7ardak eski Belediye Ba\u015fkan\u0131 Mustafa Kocazeybek\u2019in cenazesi yar\u0131n \u00f6\u011fle namaz\u0131na m\u00fcteakip \u00c7ardak \u0130l\u00e7e Mezarl\u0131\u011f\u0131na defnedilece\u011fi \u00f6\u011frenildi.<br \/><\/p>\n","protected":false},"excerpt":{"rendered":"<p>Denizli\u2019nin \u00c7ardak eski Belediye Ba\u015fkan\u0131 Mustafa Kocazeybek, tedavi g\u00f6rd\u00fc\u011f\u00fc \u00f6zel hastanede hayat\u0131n\u0131 kaybetti. Denizli\u2019nin \u00c7ardak il\u00e7esinde 2009 Mahalli \u0130dareler Se\u00e7imlerinde AK Partiden belediye ba\u015fkan\u0131 se\u00e7ilen Mustafa Kocazeybek, rahats\u0131zl\u0131\u011f\u0131na ba\u011fl\u0131 olarak bir s\u00fcredir tedavi g\u00f6rd\u00fc\u011f\u00fc Merkezefendi il\u00e7esindeki \u00f6zel hastanede ak\u015fam saatlerinde hayat\u0131n\u0131 kaybetti. \u00c7ardak eski Belediye Ba\u015fkan\u0131 Mustafa Kocazeybek\u2019in cenazesi yar\u0131n \u00f6\u011fle namaz\u0131na m\u00fcteakip \u00c7ardak \u0130l\u00e7e&#8230;<\/p>\n","protected":false},"author":1,"featured_media":48657,"comment_status":"open","ping_status":"open","sticky":false,"template":"","format":"standard","meta":{"_crdt_document":"","footnotes":""},"categories":[123],"tags":[],"class_list":["post-48656","post","type-post","status-publish","format-standard","has-post-thumbnail","hentry","category-gundem"],"_links":{"self":[{"href":"https:\/\/www.egemtv.com\/index.php?rest_route=\/wp\/v2\/posts\/48656","targetHints":{"allow":["GET"]}}],"collection":[{"href":"https:\/\/www.egemtv.com\/index.php?rest_route=\/wp\/v2\/posts"}],"about":[{"href":"https:\/\/www.egemtv.com\/index.php?rest_route=\/wp\/v2\/types\/post"}],"author":[{"embeddable":true,"href":"https:\/\/www.egemtv.com\/index.php?rest_route=\/wp\/v2\/users\/1"}],"replies":[{"embeddable":true,"href":"https:\/\/www.egemtv.com\/index.php?rest_route=%2Fwp%2Fv2%2Fcomments&post=48656"}],"version-history":[{"count":1,"href":"https:\/\/www.egemtv.com\/index.php?rest_route=\/wp\/v2\/posts\/48656\/revisions"}],"predecessor-version":[{"id":48658,"href":"https:\/\/www.egemtv.com\/index.php?rest_route=\/wp\/v2\/posts\/48656\/revisions\/48658"}],"wp:featuredmedia":[{"embeddable":true,"href":"https:\/\/www.egemtv.com\/index.php?rest_route=\/wp\/v2\/media\/48657"}],"wp:attachment":[{"href":"https:\/\/www.egemtv.com\/index.php?rest_route=%2Fwp%2Fv2%2Fmedia&parent=48656"}],"wp:term":[{"taxonomy":"category","embeddable":true,"href":"https:\/\/www.egemtv.com\/index.php?rest_route=%2Fwp%2Fv2%2Fcategories&post=48656"},{"taxonomy":"post_tag","embeddable":true,"href":"https:\/\/www.egemtv.com\/index.php?rest_route=%2Fwp%2Fv2%2Ftags&post=48656"}],"curies":[{"name":"wp","href":"https:\/\/api.w.org\/{rel}","templated":true}]}}