{"id":48653,"date":"2025-08-13T22:54:39","date_gmt":"2025-08-13T19:54:39","guid":{"rendered":"https:\/\/www.egemtv.com\/?p=48653"},"modified":"2025-08-13T22:54:40","modified_gmt":"2025-08-13T19:54:40","slug":"golete-giden-gencten-haber-alinamiyor","status":"publish","type":"post","link":"https:\/\/www.egemtv.com\/?p=48653","title":{"rendered":"G\u00f6lete giden gen\u00e7ten haber al\u0131nam\u0131yor"},"content":{"rendered":"<p>Ayd\u0131n\u2019\u0131n Karpuzlu il\u00e7esinde \u00f6\u011fle saatlerinde g\u00f6lete gidece\u011fini s\u00f6yleyerek evden \u00e7\u0131kan 27 ya\u015f\u0131ndaki Sezai Canal\u2019dan saatlerdir haber al\u0131nam\u0131yor. Epilepsi hastas\u0131 oldu\u011fu \u00f6\u011frenilen gencin terlikleri g\u00f6let kenar\u0131nda bulunurken, ekipler b\u00f6lgede arama \u00e7al\u0131\u015fmalar\u0131n\u0131 s\u00fcrd\u00fcr\u00fcyor.<\/p>\n<p>Olay, Karpuzlu il\u00e7esi \u015eenk\u00f6y Mahallesi\u2019nde meydana geldi. Edinilen bilgiye g\u00f6re Sezai Canal (27), \u00f6\u011fle saatlerinde \u015eenk\u00f6y Baraj G\u00f6leti\u2019ne gidece\u011fini s\u00f6yeleyerek evden \u00e7\u0131kt\u0131. Havan\u0131n kararmas\u0131yla birlikte eve geri d\u00f6nmeyen Canal\u2019\u0131 merak eden ailesi, durumu 112 Acil \u00c7a\u011fr\u0131 Merkezi\u2019ne bildirdi. \u0130hbar \u00fczerine b\u00f6lgeye jandarma, sa\u011fl\u0131k, itfaiye ve AFAD ekipleri sevk edildi. K\u0131sa \u00fcrede b\u00f6lgeye gelen ekipler, g\u00f6let \u00e7evresinde inceleme ger\u00e7ekle\u015ftirdi. Yap\u0131lan \u00e7al\u0131\u015fmalarda Canal\u2019\u0131n g\u00f6let kenar\u0131nda terlikleri bulundu. Gencin bulunmas\u0131 i\u00e7in b\u00f6lgede arama kurtarma \u00e7al\u0131\u015fmas\u0131 ba\u015flat\u0131l\u0131rken, epilepsi hastas\u0131 oldu\u011fu \u00f6\u011frenilen gencin, g\u00f6lete d\u00fc\u015fm\u00fc\u015f olma ihitmaline kar\u015f\u0131 da b\u00f6lgeye dalg\u0131\u00e7 ekipleri sevk edildi. Uzun s\u00fcredir kendisinden haber al\u0131namayan gencin bulunmas\u0131 i\u00e7in arama kurtarma \u00e7al\u0131\u015fmalar\u0131 devam ediyor.<br \/><\/p>\n","protected":false},"excerpt":{"rendered":"<p>Ayd\u0131n\u2019\u0131n Karpuzlu il\u00e7esinde \u00f6\u011fle saatlerinde g\u00f6lete gidece\u011fini s\u00f6yleyerek evden \u00e7\u0131kan 27 ya\u015f\u0131ndaki Sezai Canal\u2019dan saatlerdir haber al\u0131nam\u0131yor. Epilepsi hastas\u0131 oldu\u011fu \u00f6\u011frenilen gencin terlikleri g\u00f6let kenar\u0131nda bulunurken, ekipler b\u00f6lgede arama \u00e7al\u0131\u015fmalar\u0131n\u0131 s\u00fcrd\u00fcr\u00fcyor. Olay, Karpuzlu il\u00e7esi \u015eenk\u00f6y Mahallesi\u2019nde meydana geldi. Edinilen bilgiye g\u00f6re Sezai Canal (27), \u00f6\u011fle saatlerinde \u015eenk\u00f6y Baraj G\u00f6leti\u2019ne gidece\u011fini s\u00f6yeleyerek evden \u00e7\u0131kt\u0131. Havan\u0131n kararmas\u0131yla&#8230;<\/p>\n","protected":false},"author":1,"featured_media":48654,"comment_status":"open","ping_status":"open","sticky":false,"template":"","format":"standard","meta":{"_crdt_document":"","footnotes":""},"categories":[5],"tags":[],"class_list":["post-48653","post","type-post","status-publish","format-standard","has-post-thumbnail","hentry","category-asayis"],"_links":{"self":[{"href":"https:\/\/www.egemtv.com\/index.php?rest_route=\/wp\/v2\/posts\/48653","targetHints":{"allow":["GET"]}}],"collection":[{"href":"https:\/\/www.egemtv.com\/index.php?rest_route=\/wp\/v2\/posts"}],"about":[{"href":"https:\/\/www.egemtv.com\/index.php?rest_route=\/wp\/v2\/types\/post"}],"author":[{"embeddable":true,"href":"https:\/\/www.egemtv.com\/index.php?rest_route=\/wp\/v2\/users\/1"}],"replies":[{"embeddable":true,"href":"https:\/\/www.egemtv.com\/index.php?rest_route=%2Fwp%2Fv2%2Fcomments&post=48653"}],"version-history":[{"count":1,"href":"https:\/\/www.egemtv.com\/index.php?rest_route=\/wp\/v2\/posts\/48653\/revisions"}],"predecessor-version":[{"id":48655,"href":"https:\/\/www.egemtv.com\/index.php?rest_route=\/wp\/v2\/posts\/48653\/revisions\/48655"}],"wp:featuredmedia":[{"embeddable":true,"href":"https:\/\/www.egemtv.com\/index.php?rest_route=\/wp\/v2\/media\/48654"}],"wp:attachment":[{"href":"https:\/\/www.egemtv.com\/index.php?rest_route=%2Fwp%2Fv2%2Fmedia&parent=48653"}],"wp:term":[{"taxonomy":"category","embeddable":true,"href":"https:\/\/www.egemtv.com\/index.php?rest_route=%2Fwp%2Fv2%2Fcategories&post=48653"},{"taxonomy":"post_tag","embeddable":true,"href":"https:\/\/www.egemtv.com\/index.php?rest_route=%2Fwp%2Fv2%2Ftags&post=48653"}],"curies":[{"name":"wp","href":"https:\/\/api.w.org\/{rel}","templated":true}]}}