{"id":48650,"date":"2025-08-13T19:55:48","date_gmt":"2025-08-13T16:55:48","guid":{"rendered":"https:\/\/www.egemtv.com\/?p=48650"},"modified":"2025-08-13T19:55:48","modified_gmt":"2025-08-13T16:55:48","slug":"motosiklet-ile-otomobil-carpisti-2-yarali","status":"publish","type":"post","link":"https:\/\/www.egemtv.com\/?p=48650","title":{"rendered":"Motosiklet ile otomobil \u00e7arp\u0131\u015ft\u0131: 2 yaral\u0131"},"content":{"rendered":"<p>Burdur\u2019un G\u00f6lhisar il\u00e7esinde motosiklet ile otomobilin \u00e7arp\u0131\u015fmas\u0131 sonucu meydana gelen kazada 2 ki\u015fi yaraland\u0131.<br \/>\n<br \/>Kaza, G\u00f6lhisar il\u00e7esi Konak Mahallesi Demokrasi Caddesi \u00fczerinde meydana geldi. Edinilen bilgilere g\u00f6re, Mustafa A. (33) idaresindeki 26 TH 236 plakal\u0131 Peugeot marka otomobil ile U.K. (17) idaresindeki 15 ADD 942 plakal\u0131 motosiklet \u00e7arp\u0131\u015ft\u0131. Kazada motosiklet s\u00fcr\u00fcc\u00fcs\u00fc U.K. ve motosiklette yolcu olarak bulunan B.E.E. (17) yaraland\u0131. \u00c7evredekilerin 112 Acil \u00c7a\u011fr\u0131 Merkezine ihbar\u0131 \u00fczerine olay yerine sa\u011fl\u0131k ve polis ekipleri sevk edildi. Olay yerine gelen sa\u011fl\u0131k ekiplerinin ilk m\u00fcdahalesinin ard\u0131ndan yaral\u0131lar, ambulans ile G\u00f6lhisar Devlet Hastanesi\u2019ne kald\u0131r\u0131ld\u0131. Kaza ile ilgili inceleme ba\u015flat\u0131ld\u0131.<br \/><\/p>\n","protected":false},"excerpt":{"rendered":"<p>Burdur\u2019un G\u00f6lhisar il\u00e7esinde motosiklet ile otomobilin \u00e7arp\u0131\u015fmas\u0131 sonucu meydana gelen kazada 2 ki\u015fi yaraland\u0131. Kaza, G\u00f6lhisar il\u00e7esi Konak Mahallesi Demokrasi Caddesi \u00fczerinde meydana geldi. Edinilen bilgilere g\u00f6re, Mustafa A. (33) idaresindeki 26 TH 236 plakal\u0131 Peugeot marka otomobil ile U.K. (17) idaresindeki 15 ADD 942 plakal\u0131 motosiklet \u00e7arp\u0131\u015ft\u0131. Kazada motosiklet s\u00fcr\u00fcc\u00fcs\u00fc U.K. ve motosiklette yolcu&#8230;<\/p>\n","protected":false},"author":1,"featured_media":48651,"comment_status":"open","ping_status":"open","sticky":false,"template":"","format":"standard","meta":{"_crdt_document":"","footnotes":""},"categories":[5],"tags":[],"class_list":["post-48650","post","type-post","status-publish","format-standard","has-post-thumbnail","hentry","category-asayis"],"_links":{"self":[{"href":"https:\/\/www.egemtv.com\/index.php?rest_route=\/wp\/v2\/posts\/48650","targetHints":{"allow":["GET"]}}],"collection":[{"href":"https:\/\/www.egemtv.com\/index.php?rest_route=\/wp\/v2\/posts"}],"about":[{"href":"https:\/\/www.egemtv.com\/index.php?rest_route=\/wp\/v2\/types\/post"}],"author":[{"embeddable":true,"href":"https:\/\/www.egemtv.com\/index.php?rest_route=\/wp\/v2\/users\/1"}],"replies":[{"embeddable":true,"href":"https:\/\/www.egemtv.com\/index.php?rest_route=%2Fwp%2Fv2%2Fcomments&post=48650"}],"version-history":[{"count":1,"href":"https:\/\/www.egemtv.com\/index.php?rest_route=\/wp\/v2\/posts\/48650\/revisions"}],"predecessor-version":[{"id":48652,"href":"https:\/\/www.egemtv.com\/index.php?rest_route=\/wp\/v2\/posts\/48650\/revisions\/48652"}],"wp:featuredmedia":[{"embeddable":true,"href":"https:\/\/www.egemtv.com\/index.php?rest_route=\/wp\/v2\/media\/48651"}],"wp:attachment":[{"href":"https:\/\/www.egemtv.com\/index.php?rest_route=%2Fwp%2Fv2%2Fmedia&parent=48650"}],"wp:term":[{"taxonomy":"category","embeddable":true,"href":"https:\/\/www.egemtv.com\/index.php?rest_route=%2Fwp%2Fv2%2Fcategories&post=48650"},{"taxonomy":"post_tag","embeddable":true,"href":"https:\/\/www.egemtv.com\/index.php?rest_route=%2Fwp%2Fv2%2Ftags&post=48650"}],"curies":[{"name":"wp","href":"https:\/\/api.w.org\/{rel}","templated":true}]}}