{"id":48647,"date":"2025-08-13T19:34:58","date_gmt":"2025-08-13T16:34:58","guid":{"rendered":"https:\/\/www.egemtv.com\/?p=48647"},"modified":"2025-08-13T19:34:59","modified_gmt":"2025-08-13T16:34:59","slug":"bergamada-orman-yangini-alevler-evlere-sicradi","status":"publish","type":"post","link":"https:\/\/www.egemtv.com\/?p=48647","title":{"rendered":"Bergama\u2019da orman yang\u0131n\u0131: Alevler evlere s\u0131\u00e7rad\u0131"},"content":{"rendered":"<p>\u0130zmir\u2019in Bergama il\u00e7esinde \u00e7\u0131kan orman yang\u0131n\u0131, \u015fiddetli r\u00fczgar\u0131n etkisiyle yerle\u015fim alanlar\u0131na ula\u015ft\u0131. \u0130lk belirlemelere g\u00f6re 3 ev zarar g\u00f6r\u00fcrken, yang\u0131na ekipler havadan ve karadan m\u00fcdahale ediyor.<br \/>\n<br \/>\u0130zmir\u2019in Bergama il\u00e7esine ba\u011fl\u0131 Demircidere Mahallesi\u2019nde saat 15.30 s\u0131ralar\u0131nda orman yang\u0131n\u0131 \u00e7\u0131kt\u0131. \u015eiddetli r\u00fczgar nedeniyle h\u0131zla yay\u0131lan alevler, k\u0131sa s\u00fcrede Yukar\u0131bey Mahallesi\u2019ne ula\u015ft\u0131. Yang\u0131n, yerle\u015fim alanlar\u0131na da s\u0131\u00e7rayarak ilk belirlemelere g\u00f6re 3 ev hasar g\u00f6rd\u00fc. Yang\u0131na, \u0130tfaiye Dairesi Ba\u015fkanl\u0131\u011f\u0131\u2019na ba\u011fl\u0131 4 ara\u00e7 ve 12 personelin yan\u0131 s\u0131ra, \u0130zmir Orman B\u00f6lge M\u00fcd\u00fcrl\u00fc\u011f\u00fc ekipleri havadan ve karadan \u00e7ok say\u0131da ara\u00e7 ve personelle m\u00fcdahale ediyor. Ayr\u0131ca su tankerleri ve orman g\u00f6n\u00fcll\u00fcleri de s\u00f6nd\u00fcrme \u00e7al\u0131\u015fmalar\u0131na destek veriyor.<br \/>\n<br \/>Yang\u0131n\u0131 kontrol alt\u0131na almak i\u00e7in yo\u011fun \u00e7aba g\u00f6sterilirken, b\u00f6lgedeki vatanda\u015flar\u0131n g\u00fcvenli alanlara tahliye edildi\u011fini belirtildi.<br \/><\/p>\n","protected":false},"excerpt":{"rendered":"<p>\u0130zmir\u2019in Bergama il\u00e7esinde \u00e7\u0131kan orman yang\u0131n\u0131, \u015fiddetli r\u00fczgar\u0131n etkisiyle yerle\u015fim alanlar\u0131na ula\u015ft\u0131. \u0130lk belirlemelere g\u00f6re 3 ev zarar g\u00f6r\u00fcrken, yang\u0131na ekipler havadan ve karadan m\u00fcdahale ediyor. \u0130zmir\u2019in Bergama il\u00e7esine ba\u011fl\u0131 Demircidere Mahallesi\u2019nde saat 15.30 s\u0131ralar\u0131nda orman yang\u0131n\u0131 \u00e7\u0131kt\u0131. \u015eiddetli r\u00fczgar nedeniyle h\u0131zla yay\u0131lan alevler, k\u0131sa s\u00fcrede Yukar\u0131bey Mahallesi\u2019ne ula\u015ft\u0131. Yang\u0131n, yerle\u015fim alanlar\u0131na da s\u0131\u00e7rayarak ilk&#8230;<\/p>\n","protected":false},"author":1,"featured_media":48648,"comment_status":"open","ping_status":"open","sticky":false,"template":"","format":"standard","meta":{"_crdt_document":"","footnotes":""},"categories":[5],"tags":[],"class_list":["post-48647","post","type-post","status-publish","format-standard","has-post-thumbnail","hentry","category-asayis"],"_links":{"self":[{"href":"https:\/\/www.egemtv.com\/index.php?rest_route=\/wp\/v2\/posts\/48647","targetHints":{"allow":["GET"]}}],"collection":[{"href":"https:\/\/www.egemtv.com\/index.php?rest_route=\/wp\/v2\/posts"}],"about":[{"href":"https:\/\/www.egemtv.com\/index.php?rest_route=\/wp\/v2\/types\/post"}],"author":[{"embeddable":true,"href":"https:\/\/www.egemtv.com\/index.php?rest_route=\/wp\/v2\/users\/1"}],"replies":[{"embeddable":true,"href":"https:\/\/www.egemtv.com\/index.php?rest_route=%2Fwp%2Fv2%2Fcomments&post=48647"}],"version-history":[{"count":1,"href":"https:\/\/www.egemtv.com\/index.php?rest_route=\/wp\/v2\/posts\/48647\/revisions"}],"predecessor-version":[{"id":48649,"href":"https:\/\/www.egemtv.com\/index.php?rest_route=\/wp\/v2\/posts\/48647\/revisions\/48649"}],"wp:featuredmedia":[{"embeddable":true,"href":"https:\/\/www.egemtv.com\/index.php?rest_route=\/wp\/v2\/media\/48648"}],"wp:attachment":[{"href":"https:\/\/www.egemtv.com\/index.php?rest_route=%2Fwp%2Fv2%2Fmedia&parent=48647"}],"wp:term":[{"taxonomy":"category","embeddable":true,"href":"https:\/\/www.egemtv.com\/index.php?rest_route=%2Fwp%2Fv2%2Fcategories&post=48647"},{"taxonomy":"post_tag","embeddable":true,"href":"https:\/\/www.egemtv.com\/index.php?rest_route=%2Fwp%2Fv2%2Ftags&post=48647"}],"curies":[{"name":"wp","href":"https:\/\/api.w.org\/{rel}","templated":true}]}}