{"id":48644,"date":"2025-08-13T19:34:58","date_gmt":"2025-08-13T16:34:58","guid":{"rendered":"https:\/\/www.egemtv.com\/?p=48644"},"modified":"2025-08-13T19:34:58","modified_gmt":"2025-08-13T16:34:58","slug":"memur-senden-zam-teklifine-tepki","status":"publish","type":"post","link":"https:\/\/www.egemtv.com\/?p=48644","title":{"rendered":"Memur-Sen\u2019den zam teklifine tepki"},"content":{"rendered":"<p>Memur-Sen Manisa \u0130l Temsilcisi ve E\u011fitim-Bir-Sen Manisa 1 Nolu \u015eube Ba\u015fkan\u0131 Ahmet Yasav, 8. D\u00f6nem Toplu S\u00f6zle\u015fme g\u00f6r\u00fc\u015fmelerinde kamu i\u015fvereninin sundu\u011fu zam teklifine sert tepki g\u00f6sterdi. Yasav, &#8220;Gelirde adalet, \u00fccrette denge istiyoruz. Yetersiz teklife hay\u0131r.&#8221; dedi.<br \/>\n<br \/>Manisa\u2019n\u0131n \u015eehzadeler il\u00e7esindeki 15 Temmuz Demokrasi Meydan\u0131nda d\u00fczenlenen bas\u0131n a\u00e7\u0131klamas\u0131nda konu\u015fan Memur-Sen Manisa \u0130l Temsilcisi ve E\u011fitim-Bir-Sen Manisa 1 Nolu \u015eube Ba\u015fkan\u0131 Ahmet Yasav, kamu i\u015fvereninin 2026 y\u0131l\u0131 i\u00e7in y\u00fczde 10 + y\u00fczde 6, 2027 y\u0131l\u0131 i\u00e7in ise y\u00fczde 4 + y\u00fczde 4 zam teklifinin ger\u00e7ek\u00e7i olmad\u0131\u011f\u0131n\u0131 ve kamu g\u00f6revlilerinin beklentilerini kar\u015f\u0131lamad\u0131\u011f\u0131n\u0131 s\u00f6yledi. &#8220;\u0130\u015fveren, tutmayan enflasyon hedeflerini baz alarak bu teklifi lay\u0131k g\u00f6rm\u00fc\u015ft\u00fcr&#8221; diyen Yasav, teklifte refah pay\u0131, taban ayl\u0131\u011fa zam ve geliri dengeleyecek oranlar\u0131n yer almad\u0131\u011f\u0131n\u0131 vurgulad\u0131.<br \/>\n<br \/>Kira art\u0131\u015f oran\u0131n\u0131n y\u00fczde 41 oldu\u011fu bir ortamda d\u00fc\u015f\u00fck zam tekliflerinin kabul edilemez oldu\u011funu belirten Yasav, &#8220;Bu teklif, memurun ya\u015fad\u0131\u011f\u0131 zorluklar\u0131 g\u00f6rmezden gelmi\u015ftir. Kamu \u00e7al\u0131\u015fanlar\u0131 aras\u0131nda olu\u015fan huzursuzlu\u011fu ve \u00fccret adaletsizli\u011fini gidermez&#8221; dedi. Cumhurba\u015fkan\u0131 Recep Tayyip Erdo\u011fan\u2019\u0131n kamu \u00e7al\u0131\u015fanlar\u0131n\u0131n \u00fccretlerinin dengelenmesi y\u00f6n\u00fcndeki hassasiyetine ra\u011fmen teklifin bu yakla\u015f\u0131m\u0131 yans\u0131tmad\u0131\u011f\u0131n\u0131 ifade eden Yasav, &#8220;Memurlar\u0131n ve emeklilerin kaybedecek 2 y\u0131l\u0131 daha yok. Adil ve acil teklif bekliyoruz&#8221; diye konu\u015ftu.<br \/>\n<br \/>Memur-Sen\u2019in taleplerini de s\u0131ralayan Yasav, 2026 y\u0131l\u0131 i\u00e7in birinci alt\u0131 ayda y\u00fczde 10 refah pay\u0131, 10 bin TL taban ayl\u0131\u011fa zam ve y\u00fczde 25 oransal zam, ikinci alt\u0131 ayda y\u00fczde 20 oransal zam; 2027 y\u0131l\u0131 i\u00e7in ise birinci alt\u0131 ayda 7 bin 500 TL taban ayl\u0131\u011fa zam ve y\u00fczde 20 oransal zam, ikinci alt\u0131 ayda y\u00fczde 15 zam talep ettiklerini hat\u0131rlatt\u0131.<br \/>\n<br \/>Yasav, bunlara ek olarak ilave 1 derece verilmesi, 1. dereceye 3600 ek g\u00f6sterge, akademisyen, \u015fube m\u00fcd\u00fcr\u00fc, \u015fef, amir, m\u00fchendis ve teknik personelin mali haklar\u0131n\u0131n iyile\u015ftirilmesi, yard\u0131mc\u0131 hizmetler s\u0131n\u0131f\u0131n\u0131n kald\u0131r\u0131lmas\u0131, bayram ikramiyesi, kira deste\u011fi, gelir vergisinin y\u00fczde 15\u2019e sabitlenmesi, seyyanen \u00f6demenin ve t\u00fcm gelirlerin emeklili\u011fe yans\u0131t\u0131lmas\u0131 ile 4688 say\u0131l\u0131 Kanun\u2019un revize edilmesi gibi taleplerin de masada oldu\u011funu belirtti.<br \/>\n<br \/>Yasav, &#8220;T\u00fcrkiye b\u00fcy\u00fcrken al\u0131m g\u00fcc\u00fcm\u00fcz de b\u00fcy\u00fcs\u00fcn, milli gelir artarken memurun refah d\u00fczeyi de arts\u0131n istiyoruz. Toplu s\u00f6zle\u015fme masas\u0131 adaleti tesis edecek g\u00fcce sahiptir&#8221; dedi. A\u00e7\u0131klama, &#8220;Gelirde adalet, \u00fccrette denge istiyoruz, yetersiz teklife hay\u0131r!&#8221; sloganlar\u0131yla sona erdi.<br \/><\/p>\n","protected":false},"excerpt":{"rendered":"<p>Memur-Sen Manisa \u0130l Temsilcisi ve E\u011fitim-Bir-Sen Manisa 1 Nolu \u015eube Ba\u015fkan\u0131 Ahmet Yasav, 8. D\u00f6nem Toplu S\u00f6zle\u015fme g\u00f6r\u00fc\u015fmelerinde kamu i\u015fvereninin sundu\u011fu zam teklifine sert tepki g\u00f6sterdi. Yasav, &#8220;Gelirde adalet, \u00fccrette denge istiyoruz. Yetersiz teklife hay\u0131r.&#8221; dedi. Manisa\u2019n\u0131n \u015eehzadeler il\u00e7esindeki 15 Temmuz Demokrasi Meydan\u0131nda d\u00fczenlenen bas\u0131n a\u00e7\u0131klamas\u0131nda konu\u015fan Memur-Sen Manisa \u0130l Temsilcisi ve E\u011fitim-Bir-Sen Manisa 1&#8230;<\/p>\n","protected":false},"author":1,"featured_media":48645,"comment_status":"open","ping_status":"open","sticky":false,"template":"","format":"standard","meta":{"_crdt_document":"","footnotes":""},"categories":[125],"tags":[],"class_list":["post-48644","post","type-post","status-publish","format-standard","has-post-thumbnail","hentry","category-ekonomi"],"_links":{"self":[{"href":"https:\/\/www.egemtv.com\/index.php?rest_route=\/wp\/v2\/posts\/48644","targetHints":{"allow":["GET"]}}],"collection":[{"href":"https:\/\/www.egemtv.com\/index.php?rest_route=\/wp\/v2\/posts"}],"about":[{"href":"https:\/\/www.egemtv.com\/index.php?rest_route=\/wp\/v2\/types\/post"}],"author":[{"embeddable":true,"href":"https:\/\/www.egemtv.com\/index.php?rest_route=\/wp\/v2\/users\/1"}],"replies":[{"embeddable":true,"href":"https:\/\/www.egemtv.com\/index.php?rest_route=%2Fwp%2Fv2%2Fcomments&post=48644"}],"version-history":[{"count":1,"href":"https:\/\/www.egemtv.com\/index.php?rest_route=\/wp\/v2\/posts\/48644\/revisions"}],"predecessor-version":[{"id":48646,"href":"https:\/\/www.egemtv.com\/index.php?rest_route=\/wp\/v2\/posts\/48644\/revisions\/48646"}],"wp:featuredmedia":[{"embeddable":true,"href":"https:\/\/www.egemtv.com\/index.php?rest_route=\/wp\/v2\/media\/48645"}],"wp:attachment":[{"href":"https:\/\/www.egemtv.com\/index.php?rest_route=%2Fwp%2Fv2%2Fmedia&parent=48644"}],"wp:term":[{"taxonomy":"category","embeddable":true,"href":"https:\/\/www.egemtv.com\/index.php?rest_route=%2Fwp%2Fv2%2Fcategories&post=48644"},{"taxonomy":"post_tag","embeddable":true,"href":"https:\/\/www.egemtv.com\/index.php?rest_route=%2Fwp%2Fv2%2Ftags&post=48644"}],"curies":[{"name":"wp","href":"https:\/\/api.w.org\/{rel}","templated":true}]}}