{"id":48641,"date":"2025-08-13T19:14:38","date_gmt":"2025-08-13T16:14:38","guid":{"rendered":"https:\/\/www.egemtv.com\/?p=48641"},"modified":"2025-08-13T19:14:39","modified_gmt":"2025-08-13T16:14:39","slug":"maliyenin-gelir-uzmanlari-hasilat-tespit-denetimleri-icin-sahada","status":"publish","type":"post","link":"https:\/\/www.egemtv.com\/?p=48641","title":{"rendered":"Maliyenin gelir uzmanlar\u0131 has\u0131lat tespit denetimleri i\u00e7in sahada"},"content":{"rendered":"<p>Afyonkarahisar Defterdarl\u0131\u011f\u0131 Denetim Ekibi, belirlenen sekt\u00f6rlerde has\u0131lat kontrollerini s\u00fcrd\u00fcr\u00fcyor.<br \/>\n<br \/>Afyonkarahisar Defterdarl\u0131\u011f\u0131 Denetim Ekibi, il genelinde saha \u00e7al\u0131\u015fmalar\u0131na devam ediyor. Ekipler, Maliye Bakanl\u0131\u011f\u0131\u2019n\u0131n talimatlar\u0131 \u00e7er\u00e7evesinde belirlenen sekt\u00f6rlerde has\u0131lat denetimleri yap\u0131yor. Merkez ve il\u00e7elerde \u00e7al\u0131\u015fmalar\u0131n\u0131 s\u00fcrd\u00fcrd\u00fcklerini belirten Afyonkarahisar \u0130l Defterdar\u0131 \u0130brahim G\u00fcnd\u00fcz, yo\u011fun bir \u00e7al\u0131\u015fma d\u00f6nemi ge\u00e7irdiklerini ifade etti.<\/p>\n<p>&#8220;T\u00fcm personelimiz g\u00f6rev ba\u015f\u0131nda ve sahada&#8221;<br \/>\n<br \/>Sekt\u00f6rel bazda \u00f6nce doktorlar, sonras\u0131nda da s\u0131ras\u0131yla, lokantac\u0131lar, sucuk\u00e7ular, \u015fekerleme ve tatl\u0131c\u0131lar, otoparklar ve g\u00fczellik merkezi gibi sekt\u00f6rlerde faaliyet y\u00fcr\u00fcten i\u015fyerlerinde denetim yap\u0131ld\u0131\u011f\u0131n\u0131 belirten G\u00fcnd\u00fcz, yaz sezonu nedeniyle d\u00fc\u011f\u00fcn salonlar\u0131nda da denetim yap\u0131ld\u0131\u011f\u0131n\u0131 s\u00f6yledi. D\u00fc\u011f\u00fcn ve gurbet\u00e7i sirk\u00fclasyonu nedeniyle yo\u011fun g\u00fcnler ge\u00e7iren sarraf denetimlerinin de yo\u011funla\u015ft\u0131\u011f\u0131n\u0131 kaydeden G\u00fcnd\u00fcz, &#8220;Maliye Bakan\u0131m\u0131z\u0131n da kamuoyuna a\u00e7\u0131klad\u0131\u011f\u0131 \u015fekilde sekt\u00f6rler baz\u0131nda kay\u0131t d\u0131\u015f\u0131 ekonomiyle m\u00fccadele \u00e7er\u00e7evesinde denetlemelerimiz devam edecek. Vergi kay\u0131p ka\u00e7a\u011f\u0131n\u0131n sadece maliye birimlerinin denetimleri ile \u00f6nlenemeyiz. Vatanda\u015flar\u0131m\u0131z\u0131n alm\u0131\u015f olduklar\u0131 mal ve hizmetlerin kar\u015f\u0131l\u0131\u011f\u0131nda belgelerini istemeleri, verilmedi\u011fi takdirde ihbar kanallar\u0131n\u0131 kullanmalar\u0131 halinde ba\u015far\u0131ya ula\u015f\u0131labiliriz. Bu sebeple Afyonkarahisar \u015fehir merkezi ve il\u00e7elerimizde t\u00fcm personelimiz g\u00f6rev ba\u015f\u0131nda ve sahada&#8221; dedi.<br \/><\/p>\n","protected":false},"excerpt":{"rendered":"<p>Afyonkarahisar Defterdarl\u0131\u011f\u0131 Denetim Ekibi, belirlenen sekt\u00f6rlerde has\u0131lat kontrollerini s\u00fcrd\u00fcr\u00fcyor. Afyonkarahisar Defterdarl\u0131\u011f\u0131 Denetim Ekibi, il genelinde saha \u00e7al\u0131\u015fmalar\u0131na devam ediyor. Ekipler, Maliye Bakanl\u0131\u011f\u0131\u2019n\u0131n talimatlar\u0131 \u00e7er\u00e7evesinde belirlenen sekt\u00f6rlerde has\u0131lat denetimleri yap\u0131yor. Merkez ve il\u00e7elerde \u00e7al\u0131\u015fmalar\u0131n\u0131 s\u00fcrd\u00fcrd\u00fcklerini belirten Afyonkarahisar \u0130l Defterdar\u0131 \u0130brahim G\u00fcnd\u00fcz, yo\u011fun bir \u00e7al\u0131\u015fma d\u00f6nemi ge\u00e7irdiklerini ifade etti. &#8220;T\u00fcm personelimiz g\u00f6rev ba\u015f\u0131nda ve sahada&#8221; Sekt\u00f6rel bazda&#8230;<\/p>\n","protected":false},"author":1,"featured_media":48642,"comment_status":"open","ping_status":"open","sticky":false,"template":"","format":"standard","meta":{"_crdt_document":"","footnotes":""},"categories":[123],"tags":[],"class_list":["post-48641","post","type-post","status-publish","format-standard","has-post-thumbnail","hentry","category-gundem"],"_links":{"self":[{"href":"https:\/\/www.egemtv.com\/index.php?rest_route=\/wp\/v2\/posts\/48641","targetHints":{"allow":["GET"]}}],"collection":[{"href":"https:\/\/www.egemtv.com\/index.php?rest_route=\/wp\/v2\/posts"}],"about":[{"href":"https:\/\/www.egemtv.com\/index.php?rest_route=\/wp\/v2\/types\/post"}],"author":[{"embeddable":true,"href":"https:\/\/www.egemtv.com\/index.php?rest_route=\/wp\/v2\/users\/1"}],"replies":[{"embeddable":true,"href":"https:\/\/www.egemtv.com\/index.php?rest_route=%2Fwp%2Fv2%2Fcomments&post=48641"}],"version-history":[{"count":1,"href":"https:\/\/www.egemtv.com\/index.php?rest_route=\/wp\/v2\/posts\/48641\/revisions"}],"predecessor-version":[{"id":48643,"href":"https:\/\/www.egemtv.com\/index.php?rest_route=\/wp\/v2\/posts\/48641\/revisions\/48643"}],"wp:featuredmedia":[{"embeddable":true,"href":"https:\/\/www.egemtv.com\/index.php?rest_route=\/wp\/v2\/media\/48642"}],"wp:attachment":[{"href":"https:\/\/www.egemtv.com\/index.php?rest_route=%2Fwp%2Fv2%2Fmedia&parent=48641"}],"wp:term":[{"taxonomy":"category","embeddable":true,"href":"https:\/\/www.egemtv.com\/index.php?rest_route=%2Fwp%2Fv2%2Fcategories&post=48641"},{"taxonomy":"post_tag","embeddable":true,"href":"https:\/\/www.egemtv.com\/index.php?rest_route=%2Fwp%2Fv2%2Ftags&post=48641"}],"curies":[{"name":"wp","href":"https:\/\/api.w.org\/{rel}","templated":true}]}}