{"id":48638,"date":"2025-08-13T18:54:50","date_gmt":"2025-08-13T15:54:50","guid":{"rendered":"https:\/\/www.egemtv.com\/?p=48638"},"modified":"2025-08-13T18:54:51","modified_gmt":"2025-08-13T15:54:51","slug":"denizlide-sarp-bolgede-devam-eden-yangina-mudahale-ediliyor","status":"publish","type":"post","link":"https:\/\/www.egemtv.com\/?p=48638","title":{"rendered":"Denizli\u2019de sarp b\u00f6lgede devam eden yang\u0131na m\u00fcdahale ediliyor"},"content":{"rendered":"<p>Denizli\u2019nin Ac\u0131payam il\u00e7esinde \u00e7\u0131kan sarp ve kayal\u0131k b\u00f6lgede devam eden orman yang\u0131n\u0131na, \u015fiddetli r\u00fczgara ra\u011fmen hava ve karadan m\u00fcdahale ediliyor.<\/p>\n<p>Edinilen bilgiye g\u00f6re; saat 17.00 s\u0131ralar\u0131nda Denizli\u2019nin Ac\u0131payam il\u00e7esine ba\u011fl\u0131 Ak\u015far ve G\u00f6lc\u00fck mahalleleri aras\u0131nda kalan ormanl\u0131k alanda hen\u00fcz belirlenemeyen bir nedenle yang\u0131n \u00e7\u0131kt\u0131. Yang\u0131n ihbar\u0131n\u0131n ard\u0131ndan Denizli Orman B\u00f6lge M\u00fcd\u00fcrl\u00fc\u011f\u00fcne ba\u011fl\u0131 Ac\u0131payam ve \u00c7ameli Orman \u0130\u015fletme M\u00fcd\u00fcrl\u00fcklerinde g\u00f6revli ekipler sevk edildi. Yang\u0131n\u0131n devam etti\u011fi arazinin sarp, kayal\u0131k ve r\u00fczgar\u0131nda \u015fiddetli olmas\u0131 \u00e7al\u0131\u015fmalar\u0131 zorla\u015ft\u0131rsa da, orman ekipleri alevlere k\u0131sa s\u00fcrede m\u00fcdahale etti.<\/p>\n<p>Havadan 1 u\u00e7ak ve 1 helikopterin yan\u0131 s\u0131ra karadan ise 19 araz\u00f6z, 3 i\u015f makinesi, 11 ilk m\u00fcdahale arac\u0131 ve 121 yang\u0131n s\u00f6nd\u00fcrme i\u015f\u00e7isiyle m\u00fcdahale edilen yang\u0131n\u0131, kontrol alt\u0131na alma \u00e7al\u0131\u015fmalar\u0131n\u0131n s\u00fcrd\u00fc\u011f\u00fc bildirildi.<br \/><\/p>\n","protected":false},"excerpt":{"rendered":"<p>Denizli\u2019nin Ac\u0131payam il\u00e7esinde \u00e7\u0131kan sarp ve kayal\u0131k b\u00f6lgede devam eden orman yang\u0131n\u0131na, \u015fiddetli r\u00fczgara ra\u011fmen hava ve karadan m\u00fcdahale ediliyor. Edinilen bilgiye g\u00f6re; saat 17.00 s\u0131ralar\u0131nda Denizli\u2019nin Ac\u0131payam il\u00e7esine ba\u011fl\u0131 Ak\u015far ve G\u00f6lc\u00fck mahalleleri aras\u0131nda kalan ormanl\u0131k alanda hen\u00fcz belirlenemeyen bir nedenle yang\u0131n \u00e7\u0131kt\u0131. Yang\u0131n ihbar\u0131n\u0131n ard\u0131ndan Denizli Orman B\u00f6lge M\u00fcd\u00fcrl\u00fc\u011f\u00fcne ba\u011fl\u0131 Ac\u0131payam ve \u00c7ameli&#8230;<\/p>\n","protected":false},"author":1,"featured_media":48639,"comment_status":"open","ping_status":"open","sticky":false,"template":"","format":"standard","meta":{"_crdt_document":"","footnotes":""},"categories":[5],"tags":[],"class_list":["post-48638","post","type-post","status-publish","format-standard","has-post-thumbnail","hentry","category-asayis"],"_links":{"self":[{"href":"https:\/\/www.egemtv.com\/index.php?rest_route=\/wp\/v2\/posts\/48638","targetHints":{"allow":["GET"]}}],"collection":[{"href":"https:\/\/www.egemtv.com\/index.php?rest_route=\/wp\/v2\/posts"}],"about":[{"href":"https:\/\/www.egemtv.com\/index.php?rest_route=\/wp\/v2\/types\/post"}],"author":[{"embeddable":true,"href":"https:\/\/www.egemtv.com\/index.php?rest_route=\/wp\/v2\/users\/1"}],"replies":[{"embeddable":true,"href":"https:\/\/www.egemtv.com\/index.php?rest_route=%2Fwp%2Fv2%2Fcomments&post=48638"}],"version-history":[{"count":1,"href":"https:\/\/www.egemtv.com\/index.php?rest_route=\/wp\/v2\/posts\/48638\/revisions"}],"predecessor-version":[{"id":48640,"href":"https:\/\/www.egemtv.com\/index.php?rest_route=\/wp\/v2\/posts\/48638\/revisions\/48640"}],"wp:featuredmedia":[{"embeddable":true,"href":"https:\/\/www.egemtv.com\/index.php?rest_route=\/wp\/v2\/media\/48639"}],"wp:attachment":[{"href":"https:\/\/www.egemtv.com\/index.php?rest_route=%2Fwp%2Fv2%2Fmedia&parent=48638"}],"wp:term":[{"taxonomy":"category","embeddable":true,"href":"https:\/\/www.egemtv.com\/index.php?rest_route=%2Fwp%2Fv2%2Fcategories&post=48638"},{"taxonomy":"post_tag","embeddable":true,"href":"https:\/\/www.egemtv.com\/index.php?rest_route=%2Fwp%2Fv2%2Ftags&post=48638"}],"curies":[{"name":"wp","href":"https:\/\/api.w.org\/{rel}","templated":true}]}}