{"id":48635,"date":"2025-08-13T18:54:50","date_gmt":"2025-08-13T15:54:50","guid":{"rendered":"https:\/\/www.egemtv.com\/?p=48635"},"modified":"2025-08-13T18:54:50","modified_gmt":"2025-08-13T15:54:50","slug":"afyonkarahisar-il-saglik-mudurlugu-klinik-arastirmalar-etik-kurulu-kuruldu","status":"publish","type":"post","link":"https:\/\/www.egemtv.com\/?p=48635","title":{"rendered":"Afyonkarahisar \u0130l Sa\u011fl\u0131k M\u00fcd\u00fcrl\u00fc\u011f\u00fc Klinik Ara\u015ft\u0131rmalar Etik Kurulu kuruldu"},"content":{"rendered":"<p>Yakla\u015f\u0131k 9 ayd\u0131r s\u00fcrd\u00fcr\u00fclen \u00e7al\u0131\u015fmalar tamamlanarak, 27 May\u0131s 2023 tarih ve 32203 say\u0131l\u0131 Resm\u00ee Gazete\u2019de yay\u0131mlanan Be\u015feri T\u0131bbi \u00dcr\u00fcnlerin Klinik Ara\u015ft\u0131rmalar\u0131 Hakk\u0131ndaki Y\u00f6netmelik kapsam\u0131nda Afyonkarahisar \u0130l Sa\u011fl\u0131k M\u00fcd\u00fcrl\u00fc\u011f\u00fc Klinik Ara\u015ft\u0131rmalar Etik Kurulu kuruldu. T\u00fcrkiye \u0130la\u00e7 ve T\u0131bbi Cihaz Kurumu (T\u0130TCK) onay\u0131 4 A\u011fustos 2025 tarihinde al\u0131nd\u0131.<br \/>\n<br \/>Her biri alan\u0131nda uzman 9 asil ve 10 yedek \u00fcyeden olu\u015fan kurul; Afyonkarahisar ilinde ilk, T\u00fcrkiye genelinde ise \u0130l Sa\u011fl\u0131k M\u00fcd\u00fcrl\u00fc\u011f\u00fc b\u00fcnyesindeki ikinci, \u00fclke \u00e7ap\u0131nda ise 52. Klinik Ara\u015ft\u0131rmalar Etik Kurulu olma \u00f6zelli\u011fini ta\u015f\u0131yor.<br \/>\n<br \/>Kurulun amac\u0131; bilimsel y\u00f6ntemler \u0131\u015f\u0131\u011f\u0131nda ve toplumun endi\u015felerini dikkate alarak, klinik ara\u015ft\u0131rmalara kat\u0131lan g\u00f6n\u00fcll\u00fclerin haklar\u0131n\u0131, g\u00fcvenli\u011fini ve esenli\u011fini korumak. Bu s\u00fcre\u00e7te Helsinki Bildirgesi\u2019ne uygun hareket edilerek, ulusal ve uluslararas\u0131 standartlara sahip \u0130yi Klinik Uygulamalar\u0131 takip edilecek ve sunulan \u00e7al\u0131\u015fmalar etik ve bilimsel a\u00e7\u0131dan ba\u011f\u0131ms\u0131z, kapsaml\u0131 ve zaman\u0131nda de\u011ferlendirilecek.<br \/>\n<br \/>Etik Kurulun faaliyete ge\u00e7mesiyle birlikte Afyonkarahisar\u2019da klinik ara\u015ft\u0131rma yapmak isteyen ara\u015ft\u0131rmac\u0131lar, il d\u0131\u015f\u0131ndaki etik kurullara ba\u015fvurma zorunlulu\u011fu olmadan, gerekli izinleri kendi illerinde alarak \u00e7al\u0131\u015fmalar\u0131na ba\u015flayabilecekler. Etik Kurul, il d\u0131\u015f\u0131ndan yap\u0131lacak m\u00fcracaatlar\u0131 da kabul edecek.<br \/>\n<br \/>Kurul ilk toplant\u0131s\u0131n\u0131 \u0130l Sa\u011fl\u0131k M\u00fcd\u00fcrl\u00fc\u011f\u00fc e\u011fitim salonunda yap\u0131p ard\u0131ndan \u0130l Sa\u011fl\u0131k M\u00fcd\u00fcr\u00fc Dr. Hakk\u0131 \u00d6zt\u00fcrk\u2019\u00fc ziyaret ederek s\u00fcre\u00e7 konusunda bilgi verdi.<br \/><\/p>\n","protected":false},"excerpt":{"rendered":"<p>Yakla\u015f\u0131k 9 ayd\u0131r s\u00fcrd\u00fcr\u00fclen \u00e7al\u0131\u015fmalar tamamlanarak, 27 May\u0131s 2023 tarih ve 32203 say\u0131l\u0131 Resm\u00ee Gazete\u2019de yay\u0131mlanan Be\u015feri T\u0131bbi \u00dcr\u00fcnlerin Klinik Ara\u015ft\u0131rmalar\u0131 Hakk\u0131ndaki Y\u00f6netmelik kapsam\u0131nda Afyonkarahisar \u0130l Sa\u011fl\u0131k M\u00fcd\u00fcrl\u00fc\u011f\u00fc Klinik Ara\u015ft\u0131rmalar Etik Kurulu kuruldu. T\u00fcrkiye \u0130la\u00e7 ve T\u0131bbi Cihaz Kurumu (T\u0130TCK) onay\u0131 4 A\u011fustos 2025 tarihinde al\u0131nd\u0131. Her biri alan\u0131nda uzman 9 asil ve 10 yedek&#8230;<\/p>\n","protected":false},"author":1,"featured_media":48636,"comment_status":"open","ping_status":"open","sticky":false,"template":"","format":"standard","meta":{"_crdt_document":"","footnotes":""},"categories":[2],"tags":[],"class_list":["post-48635","post","type-post","status-publish","format-standard","has-post-thumbnail","hentry","category-saglik"],"_links":{"self":[{"href":"https:\/\/www.egemtv.com\/index.php?rest_route=\/wp\/v2\/posts\/48635","targetHints":{"allow":["GET"]}}],"collection":[{"href":"https:\/\/www.egemtv.com\/index.php?rest_route=\/wp\/v2\/posts"}],"about":[{"href":"https:\/\/www.egemtv.com\/index.php?rest_route=\/wp\/v2\/types\/post"}],"author":[{"embeddable":true,"href":"https:\/\/www.egemtv.com\/index.php?rest_route=\/wp\/v2\/users\/1"}],"replies":[{"embeddable":true,"href":"https:\/\/www.egemtv.com\/index.php?rest_route=%2Fwp%2Fv2%2Fcomments&post=48635"}],"version-history":[{"count":1,"href":"https:\/\/www.egemtv.com\/index.php?rest_route=\/wp\/v2\/posts\/48635\/revisions"}],"predecessor-version":[{"id":48637,"href":"https:\/\/www.egemtv.com\/index.php?rest_route=\/wp\/v2\/posts\/48635\/revisions\/48637"}],"wp:featuredmedia":[{"embeddable":true,"href":"https:\/\/www.egemtv.com\/index.php?rest_route=\/wp\/v2\/media\/48636"}],"wp:attachment":[{"href":"https:\/\/www.egemtv.com\/index.php?rest_route=%2Fwp%2Fv2%2Fmedia&parent=48635"}],"wp:term":[{"taxonomy":"category","embeddable":true,"href":"https:\/\/www.egemtv.com\/index.php?rest_route=%2Fwp%2Fv2%2Fcategories&post=48635"},{"taxonomy":"post_tag","embeddable":true,"href":"https:\/\/www.egemtv.com\/index.php?rest_route=%2Fwp%2Fv2%2Ftags&post=48635"}],"curies":[{"name":"wp","href":"https:\/\/api.w.org\/{rel}","templated":true}]}}