{"id":48632,"date":"2025-08-13T18:34:42","date_gmt":"2025-08-13T15:34:42","guid":{"rendered":"https:\/\/www.egemtv.com\/?p=48632"},"modified":"2025-08-13T18:34:43","modified_gmt":"2025-08-13T15:34:43","slug":"denizlide-orman-yangini-3","status":"publish","type":"post","link":"https:\/\/www.egemtv.com\/?p=48632","title":{"rendered":"Denizli\u2019de orman yang\u0131n\u0131"},"content":{"rendered":"<p>DEN\u0130ZL\u0130 (\u0130HA) \u2013 Denizli\u2019nin Ac\u0131payam il\u00e7esinde \u00e7\u0131kan orman yang\u0131n\u0131na m\u00fcdahale ediliyor.<\/p>\n<p>Edinilen bilgiye g\u00f6re; saat 17.00 s\u0131ralar\u0131nda Denizli\u2019nin Ac\u0131payam il\u00e7esine ba\u011fl\u0131 Ak\u015far ve G\u00f6lc\u00fck mahalleleri aras\u0131nda kalan ormanl\u0131k alanda hen\u00fcz belirlenemeyen bir nedenle yang\u0131n \u00e7\u0131kt\u0131. Yang\u0131n ihbar\u0131n\u0131n ard\u0131ndan b\u00f6lgeye \u00e7ok say\u0131da ekip sevk edildi.<br \/><\/p>\n","protected":false},"excerpt":{"rendered":"<p>DEN\u0130ZL\u0130 (\u0130HA) \u2013 Denizli\u2019nin Ac\u0131payam il\u00e7esinde \u00e7\u0131kan orman yang\u0131n\u0131na m\u00fcdahale ediliyor. Edinilen bilgiye g\u00f6re; saat 17.00 s\u0131ralar\u0131nda Denizli\u2019nin Ac\u0131payam il\u00e7esine ba\u011fl\u0131 Ak\u015far ve G\u00f6lc\u00fck mahalleleri aras\u0131nda kalan ormanl\u0131k alanda hen\u00fcz belirlenemeyen bir nedenle yang\u0131n \u00e7\u0131kt\u0131. Yang\u0131n ihbar\u0131n\u0131n ard\u0131ndan b\u00f6lgeye \u00e7ok say\u0131da ekip sevk edildi.<\/p>\n","protected":false},"author":1,"featured_media":48633,"comment_status":"open","ping_status":"open","sticky":false,"template":"","format":"standard","meta":{"_crdt_document":"","footnotes":""},"categories":[5],"tags":[],"class_list":["post-48632","post","type-post","status-publish","format-standard","has-post-thumbnail","hentry","category-asayis"],"_links":{"self":[{"href":"https:\/\/www.egemtv.com\/index.php?rest_route=\/wp\/v2\/posts\/48632","targetHints":{"allow":["GET"]}}],"collection":[{"href":"https:\/\/www.egemtv.com\/index.php?rest_route=\/wp\/v2\/posts"}],"about":[{"href":"https:\/\/www.egemtv.com\/index.php?rest_route=\/wp\/v2\/types\/post"}],"author":[{"embeddable":true,"href":"https:\/\/www.egemtv.com\/index.php?rest_route=\/wp\/v2\/users\/1"}],"replies":[{"embeddable":true,"href":"https:\/\/www.egemtv.com\/index.php?rest_route=%2Fwp%2Fv2%2Fcomments&post=48632"}],"version-history":[{"count":1,"href":"https:\/\/www.egemtv.com\/index.php?rest_route=\/wp\/v2\/posts\/48632\/revisions"}],"predecessor-version":[{"id":48634,"href":"https:\/\/www.egemtv.com\/index.php?rest_route=\/wp\/v2\/posts\/48632\/revisions\/48634"}],"wp:featuredmedia":[{"embeddable":true,"href":"https:\/\/www.egemtv.com\/index.php?rest_route=\/wp\/v2\/media\/48633"}],"wp:attachment":[{"href":"https:\/\/www.egemtv.com\/index.php?rest_route=%2Fwp%2Fv2%2Fmedia&parent=48632"}],"wp:term":[{"taxonomy":"category","embeddable":true,"href":"https:\/\/www.egemtv.com\/index.php?rest_route=%2Fwp%2Fv2%2Fcategories&post=48632"},{"taxonomy":"post_tag","embeddable":true,"href":"https:\/\/www.egemtv.com\/index.php?rest_route=%2Fwp%2Fv2%2Ftags&post=48632"}],"curies":[{"name":"wp","href":"https:\/\/api.w.org\/{rel}","templated":true}]}}