{"id":48629,"date":"2025-08-13T18:14:38","date_gmt":"2025-08-13T15:14:38","guid":{"rendered":"https:\/\/www.egemtv.com\/?p=48629"},"modified":"2025-08-13T18:14:39","modified_gmt":"2025-08-13T15:14:39","slug":"baskan-ozel-her-mahalleye-her-vatandasa-esit-hizmet-ediyoruz","status":"publish","type":"post","link":"https:\/\/www.egemtv.com\/?p=48629","title":{"rendered":"Ba\u015fkan \u00d6zel: &#8220;Her mahalleye, her vatanda\u015fa e\u015fit hizmet ediyoruz&#8221;"},"content":{"rendered":"<p>Bozdo\u011fan Belediyesi, uzun y\u0131llard\u0131r hizmet bekleyen D\u00f6men Mahallesi\u2019nde 4 bin metrekarelik ta\u015f d\u00f6\u015feme \u00e7al\u0131\u015fmas\u0131n\u0131 ba\u015flatt\u0131. Bir haftad\u0131r yo\u011fun tempoyla \u00e7al\u0131\u015fan belediye ekipleri, mahalle yollar\u0131n\u0131 modern ve kullan\u0131\u015fl\u0131 hale getiriyor.<\/p>\n<p>Mahalle sakinleri \u00e7al\u0131\u015fmalardan duyduklar\u0131 memnuniyeti dile getirirken, Bozdo\u011fan Belediye Ba\u015fkan\u0131 Mustafa Galip \u00d6zel\u2019e te\u015fekk\u00fcr etti. D\u00f6men Mahallesi Muhtar\u0131 Himmet Ar\u0131kan, &#8220;Ba\u015fkan\u0131m\u0131z\u0131n D\u00f6men i\u00e7in yapt\u0131\u011f\u0131 \u00e7al\u0131\u015fmalardan dolay\u0131 \u00e7ok te\u015fekk\u00fcr ediyorum. Ekipler bir haftad\u0131r yo\u011fun tempoda ta\u015f d\u00f6\u015feme \u00e7al\u0131\u015fmalar\u0131n\u0131 s\u00fcrd\u00fcr\u00fcyor. Uzun y\u0131llard\u0131r D\u00f6men b\u00f6yle bir hizmet almam\u0131\u015ft\u0131. Galip Ba\u015fkan\u0131m sayesinde belediyeden hizmet ald\u0131k, Allah raz\u0131 olsun&#8221; dedi.<\/p>\n<p>Ba\u015fkan \u00d6zel, Bozdo\u011fan\u2019\u0131n her mahallesine e\u015fit hizmet g\u00f6t\u00fcrme anlay\u0131\u015f\u0131yla \u00e7al\u0131\u015fmalara devam edeceklerini belirtti.<br \/><\/p>\n","protected":false},"excerpt":{"rendered":"<p>Bozdo\u011fan Belediyesi, uzun y\u0131llard\u0131r hizmet bekleyen D\u00f6men Mahallesi\u2019nde 4 bin metrekarelik ta\u015f d\u00f6\u015feme \u00e7al\u0131\u015fmas\u0131n\u0131 ba\u015flatt\u0131. Bir haftad\u0131r yo\u011fun tempoyla \u00e7al\u0131\u015fan belediye ekipleri, mahalle yollar\u0131n\u0131 modern ve kullan\u0131\u015fl\u0131 hale getiriyor. Mahalle sakinleri \u00e7al\u0131\u015fmalardan duyduklar\u0131 memnuniyeti dile getirirken, Bozdo\u011fan Belediye Ba\u015fkan\u0131 Mustafa Galip \u00d6zel\u2019e te\u015fekk\u00fcr etti. D\u00f6men Mahallesi Muhtar\u0131 Himmet Ar\u0131kan, &#8220;Ba\u015fkan\u0131m\u0131z\u0131n D\u00f6men i\u00e7in yapt\u0131\u011f\u0131 \u00e7al\u0131\u015fmalardan dolay\u0131&#8230;<\/p>\n","protected":false},"author":1,"featured_media":48630,"comment_status":"open","ping_status":"open","sticky":false,"template":"","format":"standard","meta":{"_crdt_document":"","footnotes":""},"categories":[1],"tags":[],"class_list":["post-48629","post","type-post","status-publish","format-standard","has-post-thumbnail","hentry","category-guncel"],"_links":{"self":[{"href":"https:\/\/www.egemtv.com\/index.php?rest_route=\/wp\/v2\/posts\/48629","targetHints":{"allow":["GET"]}}],"collection":[{"href":"https:\/\/www.egemtv.com\/index.php?rest_route=\/wp\/v2\/posts"}],"about":[{"href":"https:\/\/www.egemtv.com\/index.php?rest_route=\/wp\/v2\/types\/post"}],"author":[{"embeddable":true,"href":"https:\/\/www.egemtv.com\/index.php?rest_route=\/wp\/v2\/users\/1"}],"replies":[{"embeddable":true,"href":"https:\/\/www.egemtv.com\/index.php?rest_route=%2Fwp%2Fv2%2Fcomments&post=48629"}],"version-history":[{"count":1,"href":"https:\/\/www.egemtv.com\/index.php?rest_route=\/wp\/v2\/posts\/48629\/revisions"}],"predecessor-version":[{"id":48631,"href":"https:\/\/www.egemtv.com\/index.php?rest_route=\/wp\/v2\/posts\/48629\/revisions\/48631"}],"wp:featuredmedia":[{"embeddable":true,"href":"https:\/\/www.egemtv.com\/index.php?rest_route=\/wp\/v2\/media\/48630"}],"wp:attachment":[{"href":"https:\/\/www.egemtv.com\/index.php?rest_route=%2Fwp%2Fv2%2Fmedia&parent=48629"}],"wp:term":[{"taxonomy":"category","embeddable":true,"href":"https:\/\/www.egemtv.com\/index.php?rest_route=%2Fwp%2Fv2%2Fcategories&post=48629"},{"taxonomy":"post_tag","embeddable":true,"href":"https:\/\/www.egemtv.com\/index.php?rest_route=%2Fwp%2Fv2%2Ftags&post=48629"}],"curies":[{"name":"wp","href":"https:\/\/api.w.org\/{rel}","templated":true}]}}