{"id":48626,"date":"2025-08-13T17:35:26","date_gmt":"2025-08-13T14:35:26","guid":{"rendered":"https:\/\/www.egemtv.com\/?p=48626"},"modified":"2025-08-13T17:35:26","modified_gmt":"2025-08-13T14:35:26","slug":"aytodan-aydin-inciri-icin-cografi-isaret-denetimi","status":"publish","type":"post","link":"https:\/\/www.egemtv.com\/?p=48626","title":{"rendered":"AYTO\u2019dan Ayd\u0131n inciri i\u00e7in \u2019Co\u011frafi \u0130\u015faret\u2019 denetimi"},"content":{"rendered":"<p>T\u00fcrkiye ve Avrupa Birli\u011fi Co\u011frafi \u0130\u015faret tescilli Ayd\u0131n Ticaret Odas\u0131\u2019na ait olan Ayd\u0131n \u0130nciri\u2019nin 2025 y\u0131l\u0131 denetimleri, Ayd\u0131n Ticaret Odas\u0131 koordinasyonunda; Ayd\u0131n \u0130l Tar\u0131m ve Orman M\u00fcd\u00fcrl\u00fc\u011f\u00fc ile \u0130ncir Ara\u015ft\u0131rma Enstit\u00fcs\u00fc uzmanlar\u0131ndan olu\u015fan denetim komisyonu taraf\u0131ndan ger\u00e7ekle\u015ftirildi.<br \/>\n<br \/>Denetim s\u00fcrecinin ilk a\u015famas\u0131nda, ya\u015f meyve incelemeleri i\u00e7in incir \u00fcretim alanlar\u0131 ziyaret edildi. \u00dcr\u00fcnler; aroma, b\u00fcy\u00fckl\u00fck, renk, kalite standartlar\u0131 ve yeti\u015ftirme ko\u015fullar\u0131 a\u00e7\u0131s\u0131ndan detayl\u0131 bir \u015fekilde incelendi. T\u00fcm bu kriterler, co\u011frafi i\u015faret tescil \u015fartlar\u0131na uygunluk a\u00e7\u0131s\u0131ndan de\u011ferlendirildi.<br \/>\n<br \/>AYTO taraf\u0131ndan denetime ili\u015fkin yap\u0131lan a\u00e7\u0131klamada, Ayd\u0131n \u0130nciri\u2019nin hem ulusal hem de uluslararas\u0131 pazardaki marka de\u011ferini koruma ve g\u00fc\u00e7lendirme hedefiyle bu denetimlerin her y\u0131l kesintisiz \u015fekilde yap\u0131ld\u0131\u011f\u0131 belirtilerek, &#8220;Amac\u0131m\u0131z; \u00fcreticimizi, b\u00f6lgemizi ve t\u00fcketicimizi korumak, d\u00fcnyaya yaln\u0131zca ger\u00e7ek Ayd\u0131n \u0130nciri\u2019ni sunmakt\u0131r&#8221; ifadeleri kullan\u0131ld\u0131.<br \/>\n<br \/>T\u00fcrkiye\u2019nin en de\u011ferli tar\u0131m \u00fcr\u00fcnlerinden biri olan ve T\u00fcrkiye\u2019den Avrupa Birli\u011fi\u2019nde tescilli edilen \u2019\u0130lk Men\u015fe\u2019 \u00fcr\u00fcn\u00fc  unvan\u0131n\u0131 ta\u015f\u0131yan Ayd\u0131n incirinin, Ayd\u0131n\u2019a \u00f6zg\u00fc \u00fcretim teknikleri ve \u00fcst\u00fcn kalitesi ile d\u00fcnya pazar\u0131ndaki lider konumunu her ge\u00e7en y\u0131l daha da peki\u015ftirdi\u011fi belirtildi.<br \/><\/p>\n","protected":false},"excerpt":{"rendered":"<p>T\u00fcrkiye ve Avrupa Birli\u011fi Co\u011frafi \u0130\u015faret tescilli Ayd\u0131n Ticaret Odas\u0131\u2019na ait olan Ayd\u0131n \u0130nciri\u2019nin 2025 y\u0131l\u0131 denetimleri, Ayd\u0131n Ticaret Odas\u0131 koordinasyonunda; Ayd\u0131n \u0130l Tar\u0131m ve Orman M\u00fcd\u00fcrl\u00fc\u011f\u00fc ile \u0130ncir Ara\u015ft\u0131rma Enstit\u00fcs\u00fc uzmanlar\u0131ndan olu\u015fan denetim komisyonu taraf\u0131ndan ger\u00e7ekle\u015ftirildi. Denetim s\u00fcrecinin ilk a\u015famas\u0131nda, ya\u015f meyve incelemeleri i\u00e7in incir \u00fcretim alanlar\u0131 ziyaret edildi. \u00dcr\u00fcnler; aroma, b\u00fcy\u00fckl\u00fck, renk, kalite&#8230;<\/p>\n","protected":false},"author":1,"featured_media":48627,"comment_status":"open","ping_status":"open","sticky":false,"template":"","format":"standard","meta":{"_crdt_document":"","footnotes":""},"categories":[125],"tags":[],"class_list":["post-48626","post","type-post","status-publish","format-standard","has-post-thumbnail","hentry","category-ekonomi"],"_links":{"self":[{"href":"https:\/\/www.egemtv.com\/index.php?rest_route=\/wp\/v2\/posts\/48626","targetHints":{"allow":["GET"]}}],"collection":[{"href":"https:\/\/www.egemtv.com\/index.php?rest_route=\/wp\/v2\/posts"}],"about":[{"href":"https:\/\/www.egemtv.com\/index.php?rest_route=\/wp\/v2\/types\/post"}],"author":[{"embeddable":true,"href":"https:\/\/www.egemtv.com\/index.php?rest_route=\/wp\/v2\/users\/1"}],"replies":[{"embeddable":true,"href":"https:\/\/www.egemtv.com\/index.php?rest_route=%2Fwp%2Fv2%2Fcomments&post=48626"}],"version-history":[{"count":1,"href":"https:\/\/www.egemtv.com\/index.php?rest_route=\/wp\/v2\/posts\/48626\/revisions"}],"predecessor-version":[{"id":48628,"href":"https:\/\/www.egemtv.com\/index.php?rest_route=\/wp\/v2\/posts\/48626\/revisions\/48628"}],"wp:featuredmedia":[{"embeddable":true,"href":"https:\/\/www.egemtv.com\/index.php?rest_route=\/wp\/v2\/media\/48627"}],"wp:attachment":[{"href":"https:\/\/www.egemtv.com\/index.php?rest_route=%2Fwp%2Fv2%2Fmedia&parent=48626"}],"wp:term":[{"taxonomy":"category","embeddable":true,"href":"https:\/\/www.egemtv.com\/index.php?rest_route=%2Fwp%2Fv2%2Fcategories&post=48626"},{"taxonomy":"post_tag","embeddable":true,"href":"https:\/\/www.egemtv.com\/index.php?rest_route=%2Fwp%2Fv2%2Ftags&post=48626"}],"curies":[{"name":"wp","href":"https:\/\/api.w.org\/{rel}","templated":true}]}}